{"id":3050,"date":"2022-11-28T11:58:26","date_gmt":"2022-11-28T11:58:26","guid":{"rendered":"https:\/\/ladepeche.mr\/?p=3050"},"modified":"2022-11-28T11:58:26","modified_gmt":"2022-11-28T11:58:26","slug":"commemoration-du-62eme-anniversaire-de-lindependance-remise-de-peine-au-profit-de-228-detenus","status":"publish","type":"post","link":"https:\/\/ladepeche.mr\/?p=3050","title":{"rendered":"Comm\u00e9moration du 62\u00e8me anniversaire de l&#8217;Ind\u00e9pendance: Remise de peine au profit de 228 d\u00e9tenus"},"content":{"rendered":"<p>La Pr\u00e9sidence de la R\u00e9publique communique \u00e0 l\u2019occasion 62\u00e8me anniversaire de l\u2019ind\u00e9pendance nationale, et conform\u00e9ment \u00e0 l\u2019article 37 de la Constitution, le Pr\u00e9sident de la R\u00e9publique accorde, une remise gracieuse d\u2019une dur\u00e9e d\u2019un (1) an ferme de peine privative de libert\u00e9, dont profite imm\u00e9diatement 228 condamn\u00e9s de droit commun, qui font l\u2019objet de condamnations d\u00e9finitives.<\/p>\n<p>Sont exclus du b\u00e9n\u00e9fice de cette remise gracieuse, les d\u00e9tenus condamn\u00e9s pour des faits en lien avec les infractions d\u2019homicide volontaire, de terrorisme, de viol, de traite des personnes et de pratiques esclavagistes, d\u2019incitation \u00e0 la haine et de discrimination, de d\u00e9tournement et dilapidation de deniers publics ou de falsification de monnaies.<br \/>\nAmi<\/p>\n","protected":false},"excerpt":{"rendered":"<p>La Pr\u00e9sidence de la R\u00e9publique communique \u00e0 l\u2019occasion 62\u00e8me anniversaire de l\u2019ind\u00e9pendance nationale, et conform\u00e9ment \u00e0 l\u2019article 37 de la Constitution, le Pr\u00e9sident de la R\u00e9publique accorde, une remise gracieuse d\u2019une dur\u00e9e d\u2019un (1) an ferme de peine privative de libert\u00e9, dont profite imm\u00e9diatement 228 condamn\u00e9s de droit commun, qui font l\u2019objet de condamnations d\u00e9finitives. &hellip;<\/p>\n","protected":false},"author":2,"featured_media":3051,"comment_status":"open","ping_status":"open","sticky":false,"template":"","format":"standard","meta":{"footnotes":""},"categories":[18,15],"tags":[],"class_list":["post-3050","post","type-post","status-publish","format-standard","has-post-thumbnail","hentry","category-actualites","category-culture"],"_links":{"self":[{"href":"https:\/\/ladepeche.mr\/index.php?rest_route=\/wp\/v2\/posts\/3050","targetHints":{"allow":["GET"]}}],"collection":[{"href":"https:\/\/ladepeche.mr\/index.php?rest_route=\/wp\/v2\/posts"}],"about":[{"href":"https:\/\/ladepeche.mr\/index.php?rest_route=\/wp\/v2\/types\/post"}],"author":[{"embeddable":true,"href":"https:\/\/ladepeche.mr\/index.php?rest_route=\/wp\/v2\/users\/2"}],"replies":[{"embeddable":true,"href":"https:\/\/ladepeche.mr\/index.php?rest_route=%2Fwp%2Fv2%2Fcomments&post=3050"}],"version-history":[{"count":1,"href":"https:\/\/ladepeche.mr\/index.php?rest_route=\/wp\/v2\/posts\/3050\/revisions"}],"predecessor-version":[{"id":3052,"href":"https:\/\/ladepeche.mr\/index.php?rest_route=\/wp\/v2\/posts\/3050\/revisions\/3052"}],"wp:featuredmedia":[{"embeddable":true,"href":"https:\/\/ladepeche.mr\/index.php?rest_route=\/wp\/v2\/media\/3051"}],"wp:attachment":[{"href":"https:\/\/ladepeche.mr\/index.php?rest_route=%2Fwp%2Fv2%2Fmedia&parent=3050"}],"wp:term":[{"taxonomy":"category","embeddable":true,"href":"https:\/\/ladepeche.mr\/index.php?rest_route=%2Fwp%2Fv2%2Fcategories&post=3050"},{"taxonomy":"post_tag","embeddable":true,"href":"https:\/\/ladepeche.mr\/index.php?rest_route=%2Fwp%2Fv2%2Ftags&post=3050"}],"curies":[{"name":"wp","href":"https:\/\/api.w.org\/{rel}","templated":true}]}}