{"id":3071,"date":"2022-11-29T17:35:22","date_gmt":"2022-11-29T17:35:22","guid":{"rendered":"https:\/\/ladepeche.mr\/?p=3071"},"modified":"2022-11-29T17:35:22","modified_gmt":"2022-11-29T17:35:22","slug":"refugies-maliens-le-gouvernement-mauritanien-pour-une-intensification-de-laide","status":"publish","type":"post","link":"https:\/\/ladepeche.mr\/?p=3071","title":{"rendered":"R\u00e9fugi\u00e9s maliens- Le gouvernement mauritanien pour une intensification de l\u2019aide"},"content":{"rendered":"<p>Le gouvernement mauritanien plaiderait pour une hausse des efforts de la Communaut\u00e9 internationale en faveur des r\u00e9fugi\u00e9s maliens  sur notre sol et des populations du Hodh Echarghi qui les accueillent.<br \/>\nLe ministre des affaires \u00e9conomiques et des secteurs productifs, O.M. Kane a signal\u00e9 dans une d\u00e9claration avoir eu des \u00e9changes qualifi\u00e9s de fructueux \u00e0 ce sujet avec Dr. Elike L\u00f6bel, commissaire charg\u00e9e des r\u00e9fugi\u00e9s BMZ, en visite en Mauritanie.<br \/>\nSelon le ministre, la Mauritanie a r\u00e9it\u00e9r\u00e9 son engagement moral en faveur des r\u00e9fugi\u00e9s eL\u2019engagement du GVT \u00e0 intensifier les efforts avec nos PTF pour assister les r\u00e9fugi\u00e9s et am\u00e9liorer les conditions des habitants du H. Echargui, font l\u2019objet d\u2019\u00e9changes fructueux avec une mission dirig\u00e9e par Dr. Elike L\u00f6bel, commissaire charg\u00e9e des r\u00e9fugi\u00e9s BMZ, en visite actuellement en Mauritanie. Tout en louant les sacrifices consentis par les partenaires techniques et financiers de notre pays \u00e0 aider notre pays \u00e0 faire face \u00e0 la crise des r\u00e9fugi\u00e9s maliens, le ministre a exhort\u00e9 \u00e0 redoubler encore d\u2019efforts en ces circonstances particuli\u00e8res, rappelant au passage la  corr\u00e9lation d\u00e9veloppement -s\u00e9curit\u00e9.<\/p>\n","protected":false},"excerpt":{"rendered":"<p>Le gouvernement mauritanien plaiderait pour une hausse des efforts de la Communaut\u00e9 internationale en faveur des r\u00e9fugi\u00e9s maliens sur notre sol et des populations du Hodh Echarghi qui les accueillent. Le ministre des affaires \u00e9conomiques et des secteurs productifs, O.M. Kane a signal\u00e9 dans une d\u00e9claration avoir eu des \u00e9changes qualifi\u00e9s de fructueux \u00e0 ce &hellip;<\/p>\n","protected":false},"author":2,"featured_media":3072,"comment_status":"open","ping_status":"open","sticky":false,"template":"","format":"standard","meta":{"footnotes":""},"categories":[18,29,28],"tags":[],"class_list":["post-3071","post","type-post","status-publish","format-standard","has-post-thumbnail","hentry","category-actualites","category-monde","category-sahel"],"_links":{"self":[{"href":"https:\/\/ladepeche.mr\/index.php?rest_route=\/wp\/v2\/posts\/3071","targetHints":{"allow":["GET"]}}],"collection":[{"href":"https:\/\/ladepeche.mr\/index.php?rest_route=\/wp\/v2\/posts"}],"about":[{"href":"https:\/\/ladepeche.mr\/index.php?rest_route=\/wp\/v2\/types\/post"}],"author":[{"embeddable":true,"href":"https:\/\/ladepeche.mr\/index.php?rest_route=\/wp\/v2\/users\/2"}],"replies":[{"embeddable":true,"href":"https:\/\/ladepeche.mr\/index.php?rest_route=%2Fwp%2Fv2%2Fcomments&post=3071"}],"version-history":[{"count":1,"href":"https:\/\/ladepeche.mr\/index.php?rest_route=\/wp\/v2\/posts\/3071\/revisions"}],"predecessor-version":[{"id":3073,"href":"https:\/\/ladepeche.mr\/index.php?rest_route=\/wp\/v2\/posts\/3071\/revisions\/3073"}],"wp:featuredmedia":[{"embeddable":true,"href":"https:\/\/ladepeche.mr\/index.php?rest_route=\/wp\/v2\/media\/3072"}],"wp:attachment":[{"href":"https:\/\/ladepeche.mr\/index.php?rest_route=%2Fwp%2Fv2%2Fmedia&parent=3071"}],"wp:term":[{"taxonomy":"category","embeddable":true,"href":"https:\/\/ladepeche.mr\/index.php?rest_route=%2Fwp%2Fv2%2Fcategories&post=3071"},{"taxonomy":"post_tag","embeddable":true,"href":"https:\/\/ladepeche.mr\/index.php?rest_route=%2Fwp%2Fv2%2Ftags&post=3071"}],"curies":[{"name":"wp","href":"https:\/\/api.w.org\/{rel}","templated":true}]}}