{"id":3076,"date":"2022-11-30T08:07:20","date_gmt":"2022-11-30T08:07:20","guid":{"rendered":"https:\/\/ladepeche.mr\/?p=3076"},"modified":"2022-11-30T21:53:28","modified_gmt":"2022-11-30T21:53:28","slug":"droits-de-lhomme-le-president-de-la-cndh-accompagne-de-lambassadeur-de-france-en-tete-dune-caravane-contre-lesclavage-en-inchiri","status":"publish","type":"post","link":"https:\/\/ladepeche.mr\/?p=3076","title":{"rendered":"Droits de l\u2019Homme : Le pr\u00e9sident de la CNDH, accompagn\u00e9 de l&#8217;ambassadeur de France, en t\u00eate d\u2019une caravane contre l\u2019esclavage en Inchiri"},"content":{"rendered":"<p>Le pr\u00e9sident de la Commission nationale des droits de l\u2019homme (CNDH), Me Ahmed Salem Ould Bouhoubeyni, accompagn\u00e9 de SEM. Alexandre Garcia, ambassadeur de France en Mauritanie, est arriv\u00e9, mardi, \u00e0 Akjoujt, dans le cadre d\u2019une tourn\u00e9e de sensibilisation et de mobilisation contre l\u2019esclavage, plac\u00e9e sous le slogan \u00abTourner la page de l\u2019esclavage\u00bb.<br \/>\nLa visite organis\u00e9e ce matin \u00e0 Akjoujt s&#8217;inscrit dans la continuit\u00e9 des efforts d\u00e9ploy\u00e9s par la Commission nationale des droits de l\u2019homme (Cndh) dans la lutte engag\u00e9e contre l&#8217;esclavage et toutes ses s\u00e9quelles et pour mobiliser les citoyens afin de contribuer \u00e0 son \u00e9radication.<br \/>\nLa pr\u00e9sente tourn\u00e9e se d\u00e9roule en pr\u00e9sence de l&#8217;Ambassadeur de France, des autorit\u00e9s s\u00e9curitaires et administratives et des organisations de la soci\u00e9t\u00e9 civile.<br \/>\n<img decoding=\"async\" src=\"https:\/\/ladepeche.mr\/wp-content\/uploads\/2022\/11\/D3EBFAE6-F756-4E9A-B60F-CBE387620F1B-150x150.jpeg\" alt=\"1\" \/><br \/>\nElle fait suite \u00e9galement \u00e0 des tourn\u00e9es similaires \u00e0 Atar en pr\u00e9sence de l&#8217;ambassadeur de l&#8217;Union europ\u00e9enne, SEM. Gwilym Jones, au Trarza, en pr\u00e9sence de l&#8217;ambassadrice du Royaume d&#8217;Espagne, SE Mme., Miriam Alvarez De la Rosa, et au Brakna en pr\u00e9sence de l&#8217;ambassadeur d&#8217;Allemagne, SE Mme Isabel Henin.<br \/>\nL\u2019objectif assign\u00e9 \u00e0 cette campagne est aussi de vulgariser la loi criminalisant l&#8217;esclavage.<br \/>\nLa mission en Inchiri vise, par ailleurs, \u00e0 faire la lumi\u00e8re sur les plaintes adress\u00e9es \u00e0 la Cndh, via son courrier \u00e9lectronique, son application WhatsApp et ses points focaux, ainsi que via un num\u00e9ro vert r\u00e9cemment introduit pour d\u00e9noncer d\u2019\u00e9ventuels cas d\u2019esclavage.<br \/>\n<img decoding=\"async\" src=\"https:\/\/ladepeche.mr\/wp-content\/uploads\/2022\/11\/FE666AD1-96A6-4ADF-9C22-58DCB1881E12-150x150.jpeg\" alt=\"3\" \/><br \/>\nDans un discours qu&#8217;il a prononc\u00e9, pour la circonstane, le pr\u00e9sident du Commission nationale des droits de l&#8217;homme (Cndh), Me Ahmed Salem Ould Bouhoubeyni, a rappel\u00e9 que la Cndh n\u2019a jamais h\u00e9sit\u00e9, \u00e0 chaque fois qu\u2019elle a \u00e9t\u00e9 saisie, et quel que soit le lieu concern\u00e9, \u00e0 d\u00e9p\u00eacher des missions d\u2019investigation.<br \/>\n<img decoding=\"async\" src=\"https:\/\/ladepeche.mr\/wp-content\/uploads\/2022\/11\/420B9002-AA41-4146-A695-2E3178DCB713-150x150.jpeg\" alt=\"4\" \/><br \/>\nA cet effet, le pr\u00e9sident de la Cndh en veut pour preuve la r\u00e9cente affaire survenue \u00e0 Nouadhibou pour laquelle une mission d&#8217;enqu\u00eate, en partenariat avec le Haut-Commissariat aux droits de l&#8217;homme, avait \u00e9t\u00e9 d\u00e9p\u00each\u00e9e sur les lieux.<br \/>\nL\u2019approche suivie par la Cndh pour combattre toutes les manifestations de l&#8217;esclavage reste ouverte \u00e0 tous et s\u2019\u00e9talera \u00e0 toutes les r\u00e9gions du pays.<br \/>\nA noter enfin que les campagnes de sensibilisation et de mobilisation men\u00e9es par la Cndh sont organis\u00e9es avec la participation des autorit\u00e9s administratives et de s\u00e9curit\u00e9, la soci\u00e9t\u00e9 civile, des organisations non gouvernementales ainsi que des partenaires internationaux, des ambassadeurs et d\u2019autres organisations concern\u00e9es.<br \/>\nSource: CNDH<\/p>\n","protected":false},"excerpt":{"rendered":"<p>Le pr\u00e9sident de la Commission nationale des droits de l\u2019homme (CNDH), Me Ahmed Salem Ould Bouhoubeyni, accompagn\u00e9 de SEM. Alexandre Garcia, ambassadeur de France en Mauritanie, est arriv\u00e9, mardi, \u00e0 Akjoujt, dans le cadre d\u2019une tourn\u00e9e de sensibilisation et de mobilisation contre l\u2019esclavage, plac\u00e9e sous le slogan \u00abTourner la page de l\u2019esclavage\u00bb. La visite organis\u00e9e &hellip;<\/p>\n","protected":false},"author":2,"featured_media":3078,"comment_status":"open","ping_status":"open","sticky":false,"template":"","format":"standard","meta":{"footnotes":""},"categories":[18,19],"tags":[],"class_list":["post-3076","post","type-post","status-publish","format-standard","has-post-thumbnail","hentry","category-actualites","category-tribune"],"_links":{"self":[{"href":"https:\/\/ladepeche.mr\/index.php?rest_route=\/wp\/v2\/posts\/3076","targetHints":{"allow":["GET"]}}],"collection":[{"href":"https:\/\/ladepeche.mr\/index.php?rest_route=\/wp\/v2\/posts"}],"about":[{"href":"https:\/\/ladepeche.mr\/index.php?rest_route=\/wp\/v2\/types\/post"}],"author":[{"embeddable":true,"href":"https:\/\/ladepeche.mr\/index.php?rest_route=\/wp\/v2\/users\/2"}],"replies":[{"embeddable":true,"href":"https:\/\/ladepeche.mr\/index.php?rest_route=%2Fwp%2Fv2%2Fcomments&post=3076"}],"version-history":[{"count":5,"href":"https:\/\/ladepeche.mr\/index.php?rest_route=\/wp\/v2\/posts\/3076\/revisions"}],"predecessor-version":[{"id":3097,"href":"https:\/\/ladepeche.mr\/index.php?rest_route=\/wp\/v2\/posts\/3076\/revisions\/3097"}],"wp:featuredmedia":[{"embeddable":true,"href":"https:\/\/ladepeche.mr\/index.php?rest_route=\/wp\/v2\/media\/3078"}],"wp:attachment":[{"href":"https:\/\/ladepeche.mr\/index.php?rest_route=%2Fwp%2Fv2%2Fmedia&parent=3076"}],"wp:term":[{"taxonomy":"category","embeddable":true,"href":"https:\/\/ladepeche.mr\/index.php?rest_route=%2Fwp%2Fv2%2Fcategories&post=3076"},{"taxonomy":"post_tag","embeddable":true,"href":"https:\/\/ladepeche.mr\/index.php?rest_route=%2Fwp%2Fv2%2Ftags&post=3076"}],"curies":[{"name":"wp","href":"https:\/\/api.w.org\/{rel}","templated":true}]}}