{"id":3083,"date":"2022-11-30T20:05:24","date_gmt":"2022-11-30T20:05:24","guid":{"rendered":"https:\/\/ladepeche.mr\/?p=3083"},"modified":"2022-11-30T20:05:24","modified_gmt":"2022-11-30T20:05:24","slug":"communique-du-conseil-des-ministres-du-mercredi-30-novembre-2022","status":"publish","type":"post","link":"https:\/\/ladepeche.mr\/?p=3083","title":{"rendered":"Communiqu\u00e9 du Conseil des Ministres du mercredi 30 novembre 2022"},"content":{"rendered":"<p> &#8211; Le Conseil des Ministres s\u2019est r\u00e9uni le mercredi 30 novembre 2022 sous la Pr\u00e9sidence de Son Excellence Monsieur le Pr\u00e9sident de la R\u00e9publique Mohamed Ould Cheikh El-Ghazouani.<\/p>\n<p>Le Conseil a examin\u00e9 et approuv\u00e9 le Projet de loi autorisant la ratification de la convention de cr\u00e9dit, sign\u00e9e le 14 Novembre 2022, entre la R\u00e9publique Islamique de Mauritanie et le Fonds Arabe pour le D\u00e9veloppement Economique et Social (FADES), destin\u00e9 \u00e0 la participation au financement du projet d\u2019alimentation en eau potable de la ville de Kiffa.<\/p>\n<p>La ratification de cet accord permettra de contribuer au financement du projet d\u2019alimentation des villes et localit\u00e9s situ\u00e9es entre Gouraye et Kiffa en eau potable par les eaux de surface du fleuve, \u00e0 une distance de 253 km, seules ressources abondantes et renouvelables.<\/p>\n<p>Le pr\u00e9sent projet cible les localit\u00e9s situ\u00e9es le long de la future conduite d\u2019adduction du nouveau p\u00f4le de production d\u2019eau, dont notamment celles de Hassi Chagar, ould Yeng\u00e9 et kankossa, ainsi que les localit\u00e9s situ\u00e9es dans les environs de kiffa.<\/p>\n<p>Le Conseil a \u00e9galement examin\u00e9 et adopt\u00e9 les projets de d\u00e9crets suivants :<\/p>\n<p>-Projet de d\u00e9cret portant application de certaines dispositions de la loi n\u00b0 2021-09 du 26 f\u00e9vrier 2021, portant statut des personnels de la s\u00e9curit\u00e9 civile.<\/p>\n<p>Le pr\u00e9sent projet de d\u00e9cret vise \u00e0 d\u00e9finir le cadre r\u00e9glementaire qui r\u00e9git les personnels de la s\u00e9curit\u00e9 civile en application de la loi n\u00b0009-2021 du 26 f\u00e9vrier 2021 qui pr\u00e9cise le r\u00e9gime particulier des personnels de la s\u00e9curit\u00e9 civile, et qui comprend toutes les r\u00e8gles g\u00e9n\u00e9rales applicables \u00e0 leurs homologues des autres services de s\u00e9curit\u00e9 tels que la Garde nationale, la Police nationale et le Groupement G\u00e9n\u00e9rale de la S\u00e9curit\u00e9 Routi\u00e8re.<\/p>\n<p>-Projet de d\u00e9cret portant concession provisoire d\u2019un terrain \u00e0 Nouakchott au profit de l\u2019H\u00f4tel Sabah.<\/p>\n<p>-Projet de d\u00e9cret portant nomination des membres du Conseil d\u2019Administration du Centre Hospitalier des Sp\u00e9cialit\u00e9s de Nouadhibou.<\/p>\n<p>-Projet de d\u00e9cret portant nomination du Pr\u00e9sident et des membres du Conseil d\u2019Administration de la Mauritanian Airlines International.<\/p>\n<p>Inform\u00e9 des r\u00e9sultats de la visite de travail effectu\u00e9e par SEM le Pr\u00e9sident de la R\u00e9publique le lundi 28 du mois courant, dans la wilaya du Tagant, le Conseil des Ministres a adress\u00e9 ses remerciements et ses vives f\u00e9licitations aux populations de cette wilaya en g\u00e9n\u00e9ral et de la Moughataa de Tidjikja en particulier, pour la grande mobilisation et la chaleur de l\u2019accueil r\u00e9serv\u00e9 \u00e0 SEM le Pr\u00e9sident de la R\u00e9publique et \u00e0 la d\u00e9l\u00e9gation qui l\u2019a accompagn\u00e9 au cours de cette importante visite.<\/p>\n<p>Le Ministre des Affaires Etrang\u00e8res, de la Coop\u00e9ration et des Mauritaniens de l\u2019Ext\u00e9rieur a pr\u00e9sent\u00e9 une communication relative \u00e0 la situation internationale.<\/p>\n<p>Le Ministre de l\u2019Int\u00e9rieur et de la D\u00e9centralisation a pr\u00e9sent\u00e9 une communication relative \u00e0 la situation int\u00e9rieure.<\/p>\n<p>Le Ministre des Affaires Economiques et de la Promotion des Secteurs Productifs a pr\u00e9sent\u00e9 une communication relative \u00e0 l\u2019ex\u00e9cution des projets au mois d\u2019octobre 2022.<\/p>\n<p>La bonne performance de la r\u00e9alisation des activit\u00e9s programm\u00e9es, enregistr\u00e9e au mois de septembre 2022, s\u2019est poursuivie au cours du mois d\u2019octobre de la m\u00eame ann\u00e9e, se traduisant par l\u2019augmentation substantielle du nombre de projets dont le niveau de performance est satisfaisant et la diminution du nombre de ceux dont le niveau de performance est faible.<\/p>\n<p>En termes de dynamique de progression, la tendance \u00e0 la hausse continue d\u2019\u00eatre pr\u00e9pond\u00e9rante, mais les efforts doivent se poursuivre.<\/p>\n<p>Enfin, le conseil a pris la mesure individuelle suivante :<br \/>\nMinist\u00e8re de la D\u00e9fense Nationale<\/p>\n<p>Cabinet du ministre<\/p>\n<p>Acad\u00e9mie Navale<\/p>\n<p>Commandant de l\u2019Acad\u00e9mie Navale : Capitaine de vaisseau, Mohamed Mahmoud Ould Mahfoud Ould El Hadrami.<\/p>\n<p>Ami<\/p>\n","protected":false},"excerpt":{"rendered":"<p>&#8211; Le Conseil des Ministres s\u2019est r\u00e9uni le mercredi 30 novembre 2022 sous la Pr\u00e9sidence de Son Excellence Monsieur le Pr\u00e9sident de la R\u00e9publique Mohamed Ould Cheikh El-Ghazouani. Le Conseil a examin\u00e9 et approuv\u00e9 le Projet de loi autorisant la ratification de la convention de cr\u00e9dit, sign\u00e9e le 14 Novembre 2022, entre la R\u00e9publique Islamique &hellip;<\/p>\n","protected":false},"author":2,"featured_media":3084,"comment_status":"open","ping_status":"open","sticky":false,"template":"","format":"standard","meta":{"footnotes":""},"categories":[18],"tags":[],"class_list":["post-3083","post","type-post","status-publish","format-standard","has-post-thumbnail","hentry","category-actualites"],"_links":{"self":[{"href":"https:\/\/ladepeche.mr\/index.php?rest_route=\/wp\/v2\/posts\/3083","targetHints":{"allow":["GET"]}}],"collection":[{"href":"https:\/\/ladepeche.mr\/index.php?rest_route=\/wp\/v2\/posts"}],"about":[{"href":"https:\/\/ladepeche.mr\/index.php?rest_route=\/wp\/v2\/types\/post"}],"author":[{"embeddable":true,"href":"https:\/\/ladepeche.mr\/index.php?rest_route=\/wp\/v2\/users\/2"}],"replies":[{"embeddable":true,"href":"https:\/\/ladepeche.mr\/index.php?rest_route=%2Fwp%2Fv2%2Fcomments&post=3083"}],"version-history":[{"count":1,"href":"https:\/\/ladepeche.mr\/index.php?rest_route=\/wp\/v2\/posts\/3083\/revisions"}],"predecessor-version":[{"id":3085,"href":"https:\/\/ladepeche.mr\/index.php?rest_route=\/wp\/v2\/posts\/3083\/revisions\/3085"}],"wp:featuredmedia":[{"embeddable":true,"href":"https:\/\/ladepeche.mr\/index.php?rest_route=\/wp\/v2\/media\/3084"}],"wp:attachment":[{"href":"https:\/\/ladepeche.mr\/index.php?rest_route=%2Fwp%2Fv2%2Fmedia&parent=3083"}],"wp:term":[{"taxonomy":"category","embeddable":true,"href":"https:\/\/ladepeche.mr\/index.php?rest_route=%2Fwp%2Fv2%2Fcategories&post=3083"},{"taxonomy":"post_tag","embeddable":true,"href":"https:\/\/ladepeche.mr\/index.php?rest_route=%2Fwp%2Fv2%2Ftags&post=3083"}],"curies":[{"name":"wp","href":"https:\/\/api.w.org\/{rel}","templated":true}]}}