{"id":3098,"date":"2022-12-01T00:11:40","date_gmt":"2022-12-01T00:11:40","guid":{"rendered":"https:\/\/ladepeche.mr\/?p=3098"},"modified":"2022-12-01T00:17:20","modified_gmt":"2022-12-01T00:17:20","slug":"premiere-visite-officielle-de-charles-michel-en-mauritanie-les-20-et-21-novembre","status":"publish","type":"post","link":"https:\/\/ladepeche.mr\/?p=3098","title":{"rendered":"Premi\u00e8re visite officielle de Charles Michel en Mauritanie les 20 et 21 novembre"},"content":{"rendered":"<p>R\u00e9pondant \u00e0 une invitation du Pr\u00e9sident Mauritanien, Mohamed Ould Cheikh El Ghazouani, le Pr\u00e9sident du Conseil europ\u00e9en, Charles Michel, a effectu\u00e9 sa premi\u00e8re visite officielle en Mauritanie les 20 et 21 novembre 2022.<\/p>\n<p>Le 20 novembre, apr\u00e8s avoir \u00e9t\u00e9 accueilli \u00e0 l\u2019a\u00e9roport Oumtounsy par le Premier Ministre mauritanien, Mohamed Ould Bilal Messoud, et des membres du gouvernement, le Pr\u00e9sident du Conseil europ\u00e9en a pris la direction du Palais pr\u00e9sidentiel o\u00f9 il s\u2019est longuement entretenu en t\u00eate \u00e0 t\u00eate avec le Pr\u00e9sident Ghazouani.<\/p>\n<p>Les \u00e9changes ont principalement port\u00e9 sur le partenariat entre l\u2019Union europ\u00e9enne et la Mauritanie et sur les opportunit\u00e9s de le renforcer notamment dans le secteur de l\u2019\u00e9nergie ainsi que sur les d\u00e9fis li\u00e9s \u00e0 la situation r\u00e9gionale. <\/p>\n<blockquote><p>A sa sortie d\u2019audience, le Pr\u00e9sident Michel a qualifi\u00e9 les relations entre la Mauritanie et l\u2019UE d\u2019excellentes, voire d\u2019exemplaires. Il a d\u00e9clar\u00e9 que la Mauritanie \u00e9tait un partenaire solide et stable pour l\u2019UE dans une r\u00e9gion difficile. Il a de plus salu\u00e9 les r\u00e9formes men\u00e9es par le Pr\u00e9sident Ghazouani notamment avec l\u2019appui de l\u2019UE.<\/p><\/blockquote>\n<p>De son c\u00f4t\u00e9, le Pr\u00e9sident Ghazouani a vivement remerci\u00e9 le Pr\u00e9sident du Conseil europ\u00e9en pour sa visite qui, selon lui, constitue le couronnement de l\u2019amiti\u00e9 entre l\u2019Union europ\u00e9enne et la Mauritanie et augure d\u2019un avenir prometteur pour le partenariat strat\u00e9gique. <\/p>\n<blockquote><p>Il a mis en avant les bonnes relations, les convergences de vues et les concertations fr\u00e9quentes entre les deux parties sur bon nombre de sujets, y compris la d\u00e9mocratie et les droits humains.<\/p><\/blockquote>\n<p>Le dimanche soir, le Pr\u00e9sident Ghazouani a offert un diner en l\u2019honneur du Pr\u00e9sident Michel dans une ambiance d\u00e9contract\u00e9e sous la Khaima au bord de l\u2019oc\u00e9an atlantique.<\/p>\n<p>Le 21 novembre, le Pr\u00e9sident du Conseil europ\u00e9en s\u2019est rendu \u00e0 la D\u00e9l\u00e9gation de l\u2019Union europ\u00e9enne \u00e0 Nouakchott o\u00f9 il a \u00e9t\u00e9 chaleureusement accueilli par tout le staff. Il y a rencontr\u00e9 le Pr\u00e9sident de la Commission Nationale des Droits de l\u2019Homme, Maitre Bouhoubeiny avec qui il a, de mani\u00e8re franche abord\u00e9 les questions li\u00e9es aux Droits humains.<\/p>\n<blockquote><p>Au cours de cet entretien, le Pr\u00e9sident de la CNDH a confirm\u00e9 l\u2019attention accord\u00e9e par le Pr\u00e9sident Ghazouani aux questions des droits humains et le climat favorable \u00e0 l\u2019expression des droits humains qui pr\u00e9vaut actuellement en Mauritanie.<\/p><\/blockquote>\n<p>Le Pr\u00e9sident Michel a termin\u00e9 son s\u00e9jour en Mauritanie par une visite au Coll\u00e8ge de D\u00e9fense du G5 Sahel en compagnie du Ministre de la D\u00e9fense Nationale, M. Hanena Ould Sidi et des Ambassadeurs des Etats membres pr\u00e9sents en Mauritanie.<\/p>\n<p>Il s\u2019y est entretenu avec les responsables acad\u00e9miques avant d\u2019\u00eatre inform\u00e9 sur les diff\u00e9rentes formations dispens\u00e9es par le Coll\u00e8ge de D\u00e9fense et d\u2019en visiter les infrastructures.<\/p>\n<p>Le Coll\u00e8ge de D\u00e9fense b\u00e9n\u00e9ficie depuis sa cr\u00e9ation d\u2019un important appui de l\u2019UE et de plusieurs de ses Etats membres dans le cadre de la formation et du renforcement des capacit\u00e9s des forces arm\u00e9es des pays du G5 Sahel.<\/p>\n<p>A son d\u00e9part de Nouakchott, le Pr\u00e9sident du Conseil europ\u00e9en a \u00e9t\u00e9 salu\u00e9 \u00e0 l\u2019a\u00e9roport par le Premier Ministre entour\u00e9 d\u2019un grand nombre de repr\u00e9sentants des autorit\u00e9s mauritaniennes.<\/p>\n<p>Source: European External Action Service (EEAS)<\/p>\n","protected":false},"excerpt":{"rendered":"<p>R\u00e9pondant \u00e0 une invitation du Pr\u00e9sident Mauritanien, Mohamed Ould Cheikh El Ghazouani, le Pr\u00e9sident du Conseil europ\u00e9en, Charles Michel, a effectu\u00e9 sa premi\u00e8re visite officielle en Mauritanie les 20 et 21 novembre 2022. Le 20 novembre, apr\u00e8s avoir \u00e9t\u00e9 accueilli \u00e0 l\u2019a\u00e9roport Oumtounsy par le Premier Ministre mauritanien, Mohamed Ould Bilal Messoud, et des membres &hellip;<\/p>\n","protected":false},"author":2,"featured_media":3103,"comment_status":"open","ping_status":"open","sticky":false,"template":"","format":"standard","meta":{"footnotes":""},"categories":[18,29,28,1],"tags":[],"class_list":["post-3098","post","type-post","status-publish","format-standard","has-post-thumbnail","hentry","category-actualites","category-monde","category-sahel","category-uncategorized"],"_links":{"self":[{"href":"https:\/\/ladepeche.mr\/index.php?rest_route=\/wp\/v2\/posts\/3098","targetHints":{"allow":["GET"]}}],"collection":[{"href":"https:\/\/ladepeche.mr\/index.php?rest_route=\/wp\/v2\/posts"}],"about":[{"href":"https:\/\/ladepeche.mr\/index.php?rest_route=\/wp\/v2\/types\/post"}],"author":[{"embeddable":true,"href":"https:\/\/ladepeche.mr\/index.php?rest_route=\/wp\/v2\/users\/2"}],"replies":[{"embeddable":true,"href":"https:\/\/ladepeche.mr\/index.php?rest_route=%2Fwp%2Fv2%2Fcomments&post=3098"}],"version-history":[{"count":5,"href":"https:\/\/ladepeche.mr\/index.php?rest_route=\/wp\/v2\/posts\/3098\/revisions"}],"predecessor-version":[{"id":3104,"href":"https:\/\/ladepeche.mr\/index.php?rest_route=\/wp\/v2\/posts\/3098\/revisions\/3104"}],"wp:featuredmedia":[{"embeddable":true,"href":"https:\/\/ladepeche.mr\/index.php?rest_route=\/wp\/v2\/media\/3103"}],"wp:attachment":[{"href":"https:\/\/ladepeche.mr\/index.php?rest_route=%2Fwp%2Fv2%2Fmedia&parent=3098"}],"wp:term":[{"taxonomy":"category","embeddable":true,"href":"https:\/\/ladepeche.mr\/index.php?rest_route=%2Fwp%2Fv2%2Fcategories&post=3098"},{"taxonomy":"post_tag","embeddable":true,"href":"https:\/\/ladepeche.mr\/index.php?rest_route=%2Fwp%2Fv2%2Ftags&post=3098"}],"curies":[{"name":"wp","href":"https:\/\/api.w.org\/{rel}","templated":true}]}}