{"id":3120,"date":"2022-12-03T16:32:00","date_gmt":"2022-12-03T16:32:00","guid":{"rendered":"https:\/\/ladepeche.mr\/?p=3120"},"modified":"2022-12-03T16:42:50","modified_gmt":"2022-12-03T16:42:50","slug":"communique-combattre-lesclavage-est-laffaire-de-tous","status":"publish","type":"post","link":"https:\/\/ladepeche.mr\/?p=3120","title":{"rendered":"Communiqu\u00e9 : Combattre l\u2019esclavage est l\u2019affaire de tous !"},"content":{"rendered":"<p>Nous c\u00e9l\u00e9brons, en ce 2 d\u00e9cembre 2022, et \u00e0 l\u2019instar de la communaut\u00e9 internationale, la journ\u00e9e internationale pour l\u2019abolition de l\u2019esclavage.<br \/>\nDans ce cadre, il faut placer les mesures de lutte contre l\u2019esclavage dans notre pays comme une volont\u00e9 politique d\u2019enrayer un ph\u00e9nom\u00e8ne injuste et anachronique.<br \/>\nC\u2019est dans cette dynamique que fut aussi cr\u00e9\u00e9e suivant la loi organique n\u00b0 2017-016 du 5 juillet 2017 la Commission Nationale des Droits de l\u2019Homme (CNDH) institution constitutionnelle consultative, ind\u00e9pendante, autonome et organe de conseil, d&#8217;observation , d\u2019alerte, de m\u00e9diation et d\u2019\u00e9valuation en mati\u00e8re des droits de l\u2019homme.<br \/>\nInvestie de la confiance des autorit\u00e9s, des partenaires nationaux et \u00e9trangers, la CNDH prend \u00e0 bras le corps l\u2019exigence de respect des lois et mesure l\u2019ampleur de la t\u00e2che et des d\u00e9fis li\u00e9s dans une soci\u00e9t\u00e9 encore en \u00e9volution.<br \/>\nLe d\u00e9bat passionn\u00e9 lui-m\u00eame ou int\u00e9ress\u00e9 est souvent source de tiraillements conceptuels et intellectuels dans le traitement des tares sociales.<br \/>\nLa CNDH a, dans ce sens et pour \u00e9viter des d\u00e9bats st\u00e9riles, transform\u00e9 les discussions parfois byzantines sur la question en ateliers de travail, en actions univoques de terrain dans le cadre de sa mission de protection et de promotion des droits de l\u2019homme. En ce sens, l\u2019esclavage, traditionnel ou moderne, reste, sans doute, la pire des formes de violations des droits de l\u2019homme.<\/p>\n<p>Nous en avons conscience et militions pour changer les choses. Des actions de sensibilisation sont toujours men\u00e9es \u00e0 travers nos nombreuses caravanes qui sillonnent tout le pays pour \u00ab tourner la page de l\u2019esclavage \u00bb. Des sessions de formation sur la loi incriminant l\u2019esclavage et la traite des \u00eatres humains sont organis\u00e9es ; les lois diss\u00e9min\u00e9es. Pour rappeler -m\u00eame si personne n\u2019est cens\u00e9 ignorer la loi- que les sanctions les plus s\u00e9v\u00e8res (crime contre l\u2019humanit\u00e9) seront appliqu\u00e9es, sans distinction, contre les individus qui perp\u00e9tueraient encore la pratique de l\u2019esclavage.<br \/>\nDans ce sillage, nos actions continuent de s\u2019appuyer sur la vulgarisation de notre m\u00e9canisme de plaintes et tout particuli\u00e8rement le num\u00e9ro vert d\u00e9di\u00e9 exclusivement aux signalements de cas d\u2019esclavage ainsi que le m\u00e9canisme d\u2019investigations sur les cas d\u2019esclavage signal\u00e9s que nous avons mis en place avec l\u2019appui technique du bureau du haut-commissariat des nations unies aux droits de l\u2019homme.<br \/>\nNous nous r\u00e9jouissons de notre approche qui privil\u00e9gie la transparence et l\u2019esprit de responsabilit\u00e9 de tous les acteurs.<br \/>\nC\u2019est le lieu de remercier les ambassadeurs, les ong, les personnalit\u00e9s qui nous accompagnent souvent, malgr\u00e9 leurs nombreuses occupations, sur le terrain de l\u2019action de vulgarisation ainsi que nos partenaires de la soci\u00e9t\u00e9 civile notamment les plus engag\u00e9s depuis toujours dans la lutte contre l\u2019esclavage et tout particuli\u00e8rement SOS-Esclave. <\/p>\n<p>Les derni\u00e8res actions du parquet qui s\u2019autosaisit directement, sans plaintes, nous confortent dans cette vision d\u2019une action d\u2019ensemble, seul gage d\u2019un succ\u00e8s du combat que nous menons tous contre les r\u00e9miniscences de la pratique de l\u2019esclavage dans notre pays. M\u00eame si tout un chacun jouait sa partition dans ce combat, ce n\u2019est jamais assez et nous devons, sans rel\u00e2che, nous mobiliser pour venir \u00e0 bout de ce fl\u00e9au qui mine les relations humaines et \u00e9corne l\u2019image du pays.<br \/>\nMobilisons-nous tous : populations, ong, autorit\u00e9s et continuons avec s\u00e9r\u00e9nit\u00e9 notre campagne \u00abEsclavage tourner la page \u00bb pour le bien de notre unit\u00e9 nationale et le d\u00e9veloppement socio-\u00e9conomique de notre pays.<\/p>\n<p>Fait \u00e0 Nouakchott, le 2 d\u00e9cembre 2022<\/p>\n<p>Source: Cndh<\/p>\n","protected":false},"excerpt":{"rendered":"<p>Nous c\u00e9l\u00e9brons, en ce 2 d\u00e9cembre 2022, et \u00e0 l\u2019instar de la communaut\u00e9 internationale, la journ\u00e9e internationale pour l\u2019abolition de l\u2019esclavage. Dans ce cadre, il faut placer les mesures de lutte contre l\u2019esclavage dans notre pays comme une volont\u00e9 politique d\u2019enrayer un ph\u00e9nom\u00e8ne injuste et anachronique. C\u2019est dans cette dynamique que fut aussi cr\u00e9\u00e9e suivant &hellip;<\/p>\n","protected":false},"author":2,"featured_media":3126,"comment_status":"open","ping_status":"open","sticky":false,"template":"","format":"standard","meta":{"footnotes":""},"categories":[18,19,1],"tags":[],"class_list":["post-3120","post","type-post","status-publish","format-standard","has-post-thumbnail","hentry","category-actualites","category-tribune","category-uncategorized"],"_links":{"self":[{"href":"https:\/\/ladepeche.mr\/index.php?rest_route=\/wp\/v2\/posts\/3120","targetHints":{"allow":["GET"]}}],"collection":[{"href":"https:\/\/ladepeche.mr\/index.php?rest_route=\/wp\/v2\/posts"}],"about":[{"href":"https:\/\/ladepeche.mr\/index.php?rest_route=\/wp\/v2\/types\/post"}],"author":[{"embeddable":true,"href":"https:\/\/ladepeche.mr\/index.php?rest_route=\/wp\/v2\/users\/2"}],"replies":[{"embeddable":true,"href":"https:\/\/ladepeche.mr\/index.php?rest_route=%2Fwp%2Fv2%2Fcomments&post=3120"}],"version-history":[{"count":1,"href":"https:\/\/ladepeche.mr\/index.php?rest_route=\/wp\/v2\/posts\/3120\/revisions"}],"predecessor-version":[{"id":3122,"href":"https:\/\/ladepeche.mr\/index.php?rest_route=\/wp\/v2\/posts\/3120\/revisions\/3122"}],"wp:featuredmedia":[{"embeddable":true,"href":"https:\/\/ladepeche.mr\/index.php?rest_route=\/wp\/v2\/media\/3126"}],"wp:attachment":[{"href":"https:\/\/ladepeche.mr\/index.php?rest_route=%2Fwp%2Fv2%2Fmedia&parent=3120"}],"wp:term":[{"taxonomy":"category","embeddable":true,"href":"https:\/\/ladepeche.mr\/index.php?rest_route=%2Fwp%2Fv2%2Fcategories&post=3120"},{"taxonomy":"post_tag","embeddable":true,"href":"https:\/\/ladepeche.mr\/index.php?rest_route=%2Fwp%2Fv2%2Ftags&post=3120"}],"curies":[{"name":"wp","href":"https:\/\/api.w.org\/{rel}","templated":true}]}}