{"id":3134,"date":"2022-12-05T11:04:10","date_gmt":"2022-12-05T11:04:10","guid":{"rendered":"https:\/\/ladepeche.mr\/?p=3134"},"modified":"2022-12-05T12:08:38","modified_gmt":"2022-12-05T12:08:38","slug":"preparation-des-etats-generaux-de-la-justice-pas-de-tabou-ni-de-retention-des-avis-exhorte-le-ministre-de-la-justice","status":"publish","type":"post","link":"https:\/\/ladepeche.mr\/?p=3134","title":{"rendered":"Pr\u00e9paration des \u00e9tats g\u00e9n\u00e9raux de la Justice : Pas de tabou, ni de r\u00e9tention des avis, exhorte le ministre de la Justice"},"content":{"rendered":"<p>Le ministre de la Justice, Mohamed Mahmoud Ould Cheikh Abdallahi Ould Boy\u00e9, a exhort\u00e9 dimanche les participants aux ateliers de pr\u00e9paration des \u00e9tats g\u00e9n\u00e9raux de la Justice dans notre pays a invit\u00e9 tous les participants \u00e0 saisir ces \u00e9changes pour pr\u00e9senter leurs propositions en vue de l\u2019organisation des \u00e9tats g\u00e9n\u00e9raux de la Justice dans notre pays.<br \/>\nLe ministre a notamment demand\u00e9 aux pr\u00e9sidents des ateliers d\u2019\u00e9viter la censure ou la r\u00e9tention d\u2019avis et de faire valoir les recommandations susceptibles de contribuer au succ\u00e8s des assises des \u00e9tats g\u00e9n\u00e9raux pr\u00e9vus  le 05 janvier 2023. Des propositions qui seront prises en compte a encore assur\u00e9 le ministre de la Justice, Mohamed Mahmoud Ould Cheikh Abdallahi Ould Boy\u00e9, dans une intervention sur ce sujet. Le ministre a encore assur\u00e9 que son d\u00e9partement \u00e9tait dispos\u00e9 \u00e0 mobilier les moyens n\u00e9cessaires pour de nouvelles r\u00e9formes salvatrices de la Justice dans le pays.<br \/>\nL\u2019organisation des \u00e9tats g\u00e9n\u00e9raux de la Justice en Mauritanie s\u2019assigne de renforcer l\u2019\u00e9tat de droit, l\u2019ind\u00e9pendance et la modernisation de la Justice, le renforcement des capacit\u00e9s des ressources humaines et l\u2019assainissement de la situation des prisons.<\/p>\n","protected":false},"excerpt":{"rendered":"<p>Le ministre de la Justice, Mohamed Mahmoud Ould Cheikh Abdallahi Ould Boy\u00e9, a exhort\u00e9 dimanche les participants aux ateliers de pr\u00e9paration des \u00e9tats g\u00e9n\u00e9raux de la Justice dans notre pays a invit\u00e9 tous les participants \u00e0 saisir ces \u00e9changes pour pr\u00e9senter leurs propositions en vue de l\u2019organisation des \u00e9tats g\u00e9n\u00e9raux de la Justice dans notre &hellip;<\/p>\n","protected":false},"author":2,"featured_media":3135,"comment_status":"open","ping_status":"open","sticky":false,"template":"","format":"standard","meta":{"footnotes":""},"categories":[18],"tags":[],"class_list":["post-3134","post","type-post","status-publish","format-standard","has-post-thumbnail","hentry","category-actualites"],"_links":{"self":[{"href":"https:\/\/ladepeche.mr\/index.php?rest_route=\/wp\/v2\/posts\/3134","targetHints":{"allow":["GET"]}}],"collection":[{"href":"https:\/\/ladepeche.mr\/index.php?rest_route=\/wp\/v2\/posts"}],"about":[{"href":"https:\/\/ladepeche.mr\/index.php?rest_route=\/wp\/v2\/types\/post"}],"author":[{"embeddable":true,"href":"https:\/\/ladepeche.mr\/index.php?rest_route=\/wp\/v2\/users\/2"}],"replies":[{"embeddable":true,"href":"https:\/\/ladepeche.mr\/index.php?rest_route=%2Fwp%2Fv2%2Fcomments&post=3134"}],"version-history":[{"count":2,"href":"https:\/\/ladepeche.mr\/index.php?rest_route=\/wp\/v2\/posts\/3134\/revisions"}],"predecessor-version":[{"id":3139,"href":"https:\/\/ladepeche.mr\/index.php?rest_route=\/wp\/v2\/posts\/3134\/revisions\/3139"}],"wp:featuredmedia":[{"embeddable":true,"href":"https:\/\/ladepeche.mr\/index.php?rest_route=\/wp\/v2\/media\/3135"}],"wp:attachment":[{"href":"https:\/\/ladepeche.mr\/index.php?rest_route=%2Fwp%2Fv2%2Fmedia&parent=3134"}],"wp:term":[{"taxonomy":"category","embeddable":true,"href":"https:\/\/ladepeche.mr\/index.php?rest_route=%2Fwp%2Fv2%2Fcategories&post=3134"},{"taxonomy":"post_tag","embeddable":true,"href":"https:\/\/ladepeche.mr\/index.php?rest_route=%2Fwp%2Fv2%2Ftags&post=3134"}],"curies":[{"name":"wp","href":"https:\/\/api.w.org\/{rel}","templated":true}]}}