{"id":3144,"date":"2022-12-05T13:11:16","date_gmt":"2022-12-05T13:11:16","guid":{"rendered":"https:\/\/ladepeche.mr\/?p=3144"},"modified":"2022-12-05T13:11:16","modified_gmt":"2022-12-05T13:11:16","slug":"mode-lindelebile-marque-de-salif-diouf","status":"publish","type":"post","link":"https:\/\/ladepeche.mr\/?p=3144","title":{"rendered":"Mode : l&#8217;ind\u00e9l\u00e9bile marque de Salif Diouf"},"content":{"rendered":"<p>On n\u2019arr\u00eate pas les ambitions de Salif Diouf. Jeune cr\u00e9ateur ; graphiste designer, illustrateur, ses mains transforment tout ce qu\u2019il touche en \u0153uvre artistique. Cette fibre, il l\u2019a dans le sang. Aujourd\u2019hui, il vient de fonder sa propre griffe \u00ab Yak Lebass \u00bb ; sa premi\u00e8re marque de v\u00eatements. Une marque qui comme son designer respire la jovialit\u00e9.<br \/>\nPour booster son produit, c\u2019est une somptueuse vid\u00e9o de sa cr\u00e9ation d\u00e9finit bien la mentalit\u00e9 &#8220;Yak Lebass &#8220;. Derri\u00e8re cette marque mauritanienne se profile une dext\u00e9rit\u00e9 qui fera parler de cet extraordinaire jeune talent mauritanien. On lui souhaite tout le succ\u00e8s qui l\u2019attend. Peut-\u00eatre que des m\u00e9c\u00e8nes pourraient s&#8217;int\u00e9resser \u00e0 ce mordu de la mode.<\/p>\n","protected":false},"excerpt":{"rendered":"<p>On n\u2019arr\u00eate pas les ambitions de Salif Diouf. Jeune cr\u00e9ateur ; graphiste designer, illustrateur, ses mains transforment tout ce qu\u2019il touche en \u0153uvre artistique. Cette fibre, il l\u2019a dans le sang. Aujourd\u2019hui, il vient de fonder sa propre griffe \u00ab Yak Lebass \u00bb ; sa premi\u00e8re marque de v\u00eatements. Une marque qui comme son designer &hellip;<\/p>\n","protected":false},"author":2,"featured_media":3145,"comment_status":"open","ping_status":"open","sticky":false,"template":"","format":"standard","meta":{"footnotes":""},"categories":[15,25],"tags":[],"class_list":["post-3144","post","type-post","status-publish","format-standard","has-post-thumbnail","hentry","category-culture","category-en-forme"],"_links":{"self":[{"href":"https:\/\/ladepeche.mr\/index.php?rest_route=\/wp\/v2\/posts\/3144","targetHints":{"allow":["GET"]}}],"collection":[{"href":"https:\/\/ladepeche.mr\/index.php?rest_route=\/wp\/v2\/posts"}],"about":[{"href":"https:\/\/ladepeche.mr\/index.php?rest_route=\/wp\/v2\/types\/post"}],"author":[{"embeddable":true,"href":"https:\/\/ladepeche.mr\/index.php?rest_route=\/wp\/v2\/users\/2"}],"replies":[{"embeddable":true,"href":"https:\/\/ladepeche.mr\/index.php?rest_route=%2Fwp%2Fv2%2Fcomments&post=3144"}],"version-history":[{"count":1,"href":"https:\/\/ladepeche.mr\/index.php?rest_route=\/wp\/v2\/posts\/3144\/revisions"}],"predecessor-version":[{"id":3147,"href":"https:\/\/ladepeche.mr\/index.php?rest_route=\/wp\/v2\/posts\/3144\/revisions\/3147"}],"wp:featuredmedia":[{"embeddable":true,"href":"https:\/\/ladepeche.mr\/index.php?rest_route=\/wp\/v2\/media\/3145"}],"wp:attachment":[{"href":"https:\/\/ladepeche.mr\/index.php?rest_route=%2Fwp%2Fv2%2Fmedia&parent=3144"}],"wp:term":[{"taxonomy":"category","embeddable":true,"href":"https:\/\/ladepeche.mr\/index.php?rest_route=%2Fwp%2Fv2%2Fcategories&post=3144"},{"taxonomy":"post_tag","embeddable":true,"href":"https:\/\/ladepeche.mr\/index.php?rest_route=%2Fwp%2Fv2%2Ftags&post=3144"}],"curies":[{"name":"wp","href":"https:\/\/api.w.org\/{rel}","templated":true}]}}