{"id":3148,"date":"2022-12-05T14:23:30","date_gmt":"2022-12-05T14:23:30","guid":{"rendered":"https:\/\/ladepeche.mr\/?p=3148"},"modified":"2022-12-05T14:23:52","modified_gmt":"2022-12-05T14:23:52","slug":"le-president-de-la-republique-se-rend-au-gorgol","status":"publish","type":"post","link":"https:\/\/ladepeche.mr\/?p=3148","title":{"rendered":"Le Pr\u00e9sident de la R\u00e9publique se rend au Gorgol"},"content":{"rendered":"<p>Son Excellence le Pr\u00e9sident de la R\u00e9publique, Monsieur Mohamed Ould Cheikh El Ghazouani, a quitt\u00e9 Nouakchott ce matin, \u00e0 destination du Gorgol, dans le cadre d\u2019une visite de travail \u00e0 Ka\u00e9di et \u00e0 Foum-Gleita.<\/p>\n<p>Le Pr\u00e9sident de la R\u00e9publique a \u00e9t\u00e9 salu\u00e9 \u00e0 l\u2019a\u00e9roport international de Nouakchott Oumtounsi, par le Premier ministre, M. Mohamed Ould Bilal Massaoud, la ministre Conseill\u00e8re \u00e0 la Pr\u00e9sidence de la R\u00e9publique, des membres du gouvernement, le chef de l\u2019Etat-Major particulier du Pr\u00e9sident de la R\u00e9publique, la directrice adjointe de Cabinet du Pr\u00e9sident, le wali de Nouakchott-Ouest et la pr\u00e9sidente de la R\u00e9gion de Nouakchott.<\/p>\n<p>Au cours de la visite, le Pr\u00e9sident de la R\u00e9publique est accompagn\u00e9 d\u2019une importante d\u00e9l\u00e9gation qui comprend :<\/p>\n<p>\u2013 Moulaye Ould Mohamed Laghdaf, ministre secr\u00e9taire g\u00e9n\u00e9ral de la Pr\u00e9sidence de la R\u00e9publique.<\/p>\n<p>\u2013 Coumba Ba, ministre conseill\u00e8re \u00e0 la Pr\u00e9sidence de la R\u00e9publique.<\/p>\n<p>\u2013 Sidi Mohamed Ould Taleb, ministre de l\u2019Hydraulique et de l\u2019Assainissement.<\/p>\n<p>\u2013 Mohamed Ali Ould Sidi Mohamed d\u00e9l\u00e9gu\u00e9 g\u00e9n\u00e9ral \u00e0 la Solidarit\u00e9 et \u00e0 la Lutte contre l\u2019Exclusion (Taazour).<\/p>\n<p>\u2013 Isma\u00ebl Ould Chaikh Ahmed, directeur de cabinet du Pr\u00e9sident de la R\u00e9publique.<\/p>\n<p>\u2013 Sidi Mohamed Ould Ghaber, conseiller \u00e0 la Pr\u00e9sidence de la R\u00e9publique.<\/p>\n<p>\u2013 A\u00efssata Daouda, conseill\u00e8re \u00e0 la Pr\u00e9sidence de la R\u00e9publique.<\/p>\n<p>\u2013 El Hacen Ould Ahmed, directeur g\u00e9n\u00e9ral du Protocole d\u2019\u00c9tat.<br \/>\nAmi<\/p>\n","protected":false},"excerpt":{"rendered":"<p>Son Excellence le Pr\u00e9sident de la R\u00e9publique, Monsieur Mohamed Ould Cheikh El Ghazouani, a quitt\u00e9 Nouakchott ce matin, \u00e0 destination du Gorgol, dans le cadre d\u2019une visite de travail \u00e0 Ka\u00e9di et \u00e0 Foum-Gleita. Le Pr\u00e9sident de la R\u00e9publique a \u00e9t\u00e9 salu\u00e9 \u00e0 l\u2019a\u00e9roport international de Nouakchott Oumtounsi, par le Premier ministre, M. Mohamed Ould &hellip;<\/p>\n","protected":false},"author":2,"featured_media":3149,"comment_status":"open","ping_status":"open","sticky":false,"template":"","format":"standard","meta":{"footnotes":""},"categories":[18,2],"tags":[],"class_list":["post-3148","post","type-post","status-publish","format-standard","has-post-thumbnail","hentry","category-actualites","category-economie"],"_links":{"self":[{"href":"https:\/\/ladepeche.mr\/index.php?rest_route=\/wp\/v2\/posts\/3148","targetHints":{"allow":["GET"]}}],"collection":[{"href":"https:\/\/ladepeche.mr\/index.php?rest_route=\/wp\/v2\/posts"}],"about":[{"href":"https:\/\/ladepeche.mr\/index.php?rest_route=\/wp\/v2\/types\/post"}],"author":[{"embeddable":true,"href":"https:\/\/ladepeche.mr\/index.php?rest_route=\/wp\/v2\/users\/2"}],"replies":[{"embeddable":true,"href":"https:\/\/ladepeche.mr\/index.php?rest_route=%2Fwp%2Fv2%2Fcomments&post=3148"}],"version-history":[{"count":2,"href":"https:\/\/ladepeche.mr\/index.php?rest_route=\/wp\/v2\/posts\/3148\/revisions"}],"predecessor-version":[{"id":3151,"href":"https:\/\/ladepeche.mr\/index.php?rest_route=\/wp\/v2\/posts\/3148\/revisions\/3151"}],"wp:featuredmedia":[{"embeddable":true,"href":"https:\/\/ladepeche.mr\/index.php?rest_route=\/wp\/v2\/media\/3149"}],"wp:attachment":[{"href":"https:\/\/ladepeche.mr\/index.php?rest_route=%2Fwp%2Fv2%2Fmedia&parent=3148"}],"wp:term":[{"taxonomy":"category","embeddable":true,"href":"https:\/\/ladepeche.mr\/index.php?rest_route=%2Fwp%2Fv2%2Fcategories&post=3148"},{"taxonomy":"post_tag","embeddable":true,"href":"https:\/\/ladepeche.mr\/index.php?rest_route=%2Fwp%2Fv2%2Ftags&post=3148"}],"curies":[{"name":"wp","href":"https:\/\/api.w.org\/{rel}","templated":true}]}}