{"id":3159,"date":"2022-12-06T14:44:25","date_gmt":"2022-12-06T14:44:25","guid":{"rendered":"https:\/\/ladepeche.mr\/?p=3159"},"modified":"2022-12-06T15:29:41","modified_gmt":"2022-12-06T15:29:41","slug":"communique-le-president-de-la-cndh-reitere-son-invite-aux-ongs-americaine-pour-venir-accompagner-les-efforts-deployes-sur-le-terrain","status":"publish","type":"post","link":"https:\/\/ladepeche.mr\/?p=3159","title":{"rendered":"Communiqu\u00e9: Le pr\u00e9sident de la CNDH invite les Ongs am\u00e9ricaines \u00e0 venir accompagner les efforts d\u00e9ploy\u00e9s sur le terrain"},"content":{"rendered":"<p> Le pr\u00e9sident de la Commission nationale des droits de l\u2019Homme, Me Ahmed Salem Ould Bouhoubeyni, a re\u00e7u, mardi 6 d\u00e9cembre 2022 au si\u00e8ge de l\u2019organisation, une d\u00e9l\u00e9gation du Bureau de suivi de la lutte contre la traite des \u00eatres humains du d\u00e9partement d\u2019\u00c9tat des \u00c9tats-Unis, conduite par M. Bryan Marcus, son directeur adjoint.<\/p>\n<p>Au cours de cette entrevue, les \u00e9changes entre les deux parties ont port\u00e9 sur les questions des droits de l\u2019Homme, en g\u00e9n\u00e9ral, et sur l\u2019esclavage et la traite des \u00eatres humains, en particulier.<\/p>\n<p>La rencontre \u00e9tait l\u2019occasion pour le pr\u00e9sident Me Bouhouneyni de s\u2019appesantir sur l\u2019approche de gestion de protection et de promotion des droits de l\u2019Homme par la CNDH et sur les efforts d\u00e9ploy\u00e9s depuis trois ans par la CNDH en terme de mobilisation, de sensibilisation, d\u2019investigation, de formation et de renforcement du dispositif de plainte pour \u00e9radiquer l\u2019esclavage dans le pays.<\/p>\n<p>A l\u2019issue de cette rencontre entre le pr\u00e9sident de la CNDH et la d\u00e9l\u00e9gation du Bureau de suivi de la lutte contre la traite des \u00eatres humains du d\u00e9partement d\u2019\u00c9tat des \u00c9tats-Unis, le pr\u00e9sident de la CNDH a r\u00e9it\u00e9r\u00e9 son invitation aux organisations des droits de l\u2019Homme am\u00e9ricaines \u00e0 venir accompagner les efforts d\u00e9ploy\u00e9s sur le terrain pour lutter contre l\u2019esclavage et ses s\u00e9quelles en Mauritanie et la d\u00e9l\u00e9gation am\u00e9ricaine a not\u00e9 avec satisfaction les rapports entre la CNDH et l\u2019ambassade des USA en Mauritanie.<br \/>\nSource: CNDH<\/p>\n","protected":false},"excerpt":{"rendered":"<p>Le pr\u00e9sident de la Commission nationale des droits de l\u2019Homme, Me Ahmed Salem Ould Bouhoubeyni, a re\u00e7u, mardi 6 d\u00e9cembre 2022 au si\u00e8ge de l\u2019organisation, une d\u00e9l\u00e9gation du Bureau de suivi de la lutte contre la traite des \u00eatres humains du d\u00e9partement d\u2019\u00c9tat des \u00c9tats-Unis, conduite par M. Bryan Marcus, son directeur adjoint. Au cours &hellip;<\/p>\n","protected":false},"author":2,"featured_media":3160,"comment_status":"open","ping_status":"open","sticky":false,"template":"","format":"standard","meta":{"footnotes":""},"categories":[18,1],"tags":[],"class_list":["post-3159","post","type-post","status-publish","format-standard","has-post-thumbnail","hentry","category-actualites","category-uncategorized"],"_links":{"self":[{"href":"https:\/\/ladepeche.mr\/index.php?rest_route=\/wp\/v2\/posts\/3159","targetHints":{"allow":["GET"]}}],"collection":[{"href":"https:\/\/ladepeche.mr\/index.php?rest_route=\/wp\/v2\/posts"}],"about":[{"href":"https:\/\/ladepeche.mr\/index.php?rest_route=\/wp\/v2\/types\/post"}],"author":[{"embeddable":true,"href":"https:\/\/ladepeche.mr\/index.php?rest_route=\/wp\/v2\/users\/2"}],"replies":[{"embeddable":true,"href":"https:\/\/ladepeche.mr\/index.php?rest_route=%2Fwp%2Fv2%2Fcomments&post=3159"}],"version-history":[{"count":4,"href":"https:\/\/ladepeche.mr\/index.php?rest_route=\/wp\/v2\/posts\/3159\/revisions"}],"predecessor-version":[{"id":3167,"href":"https:\/\/ladepeche.mr\/index.php?rest_route=\/wp\/v2\/posts\/3159\/revisions\/3167"}],"wp:featuredmedia":[{"embeddable":true,"href":"https:\/\/ladepeche.mr\/index.php?rest_route=\/wp\/v2\/media\/3160"}],"wp:attachment":[{"href":"https:\/\/ladepeche.mr\/index.php?rest_route=%2Fwp%2Fv2%2Fmedia&parent=3159"}],"wp:term":[{"taxonomy":"category","embeddable":true,"href":"https:\/\/ladepeche.mr\/index.php?rest_route=%2Fwp%2Fv2%2Fcategories&post=3159"},{"taxonomy":"post_tag","embeddable":true,"href":"https:\/\/ladepeche.mr\/index.php?rest_route=%2Fwp%2Fv2%2Ftags&post=3159"}],"curies":[{"name":"wp","href":"https:\/\/api.w.org\/{rel}","templated":true}]}}