{"id":3170,"date":"2022-12-06T20:23:24","date_gmt":"2022-12-06T20:23:24","guid":{"rendered":"https:\/\/ladepeche.mr\/?p=3170"},"modified":"2022-12-06T20:23:24","modified_gmt":"2022-12-06T20:23:24","slug":"le-president-de-la-republique-recoit-le-rapport-annuel-de-la-haute-autorite-de-la-presse-et-de-laudiovisuel","status":"publish","type":"post","link":"https:\/\/ladepeche.mr\/?p=3170","title":{"rendered":"Le pr\u00e9sident de la R\u00e9publique re\u00e7oit le rapport annuel de la Haute Autorit\u00e9 de la presse et de l\u2019audiovisuel"},"content":{"rendered":"<p>Son Excellence le Pr\u00e9sident de la R\u00e9publique, M. Mohamed Ould Cheikh El Ghazouani, a re\u00e7u le rapport annuel de la Haute Autorit\u00e9 de la Presse et de l\u2019Audiovisuel (HAPA).<\/p>\n<p>C\u2019\u00e9tait lors de l\u2019audience accord\u00e9e par Son Excellence le Pr\u00e9sident de la R\u00e9publique, mardi, soir au Palais pr\u00e9sidentiel \u00e0 Nouakchott, \u00e0 M. El Houssein Ould Meddou, pr\u00e9sident de la Haute Autorit\u00e9 de la Presse et de l\u2019Audiovisuel.<\/p>\n<p>Dans une d\u00e9claration \u00e0 l\u2019Agence mauritanienne d\u2019information \u00e0 l\u2019issue de cette entrevue, le pr\u00e9sident de la HAPA s\u2019est dit honor\u00e9 d\u2019\u00eatre re\u00e7u par Son Excellence le Pr\u00e9sident de la R\u00e9publique, M. Mohamed Ould Cheikh El Ghazouani, auquel il a remis le rapport annuel de l\u2019Autorit\u00e9.<\/p>\n<p>Il a pr\u00e9cis\u00e9 que ce rapport comprend sept axes, dont principalement la contribution de la HAPA dans le domaine du contr\u00f4le et de la promotion du secteur, ainsi que sa contribution \u00e0 la r\u00e9forme des m\u00e9dias apr\u00e8s la formation par Son Excellence le Pr\u00e9sident de la R\u00e9publique de la haute Commission pour la r\u00e9forme du secteur des m\u00e9dias.<\/p>\n<p>M. Ould Meddou a ajout\u00e9 que le rapport comprend \u00e9galement les diff\u00e9rentes activit\u00e9s de l\u2019Autorit\u00e9 dans les domaines de la formation et de l\u2019enracinement aux niveaux national et international.<\/p>\n<p>Il a indiqu\u00e9 que cette entrevue a \u00e9t\u00e9 l\u2019occasion pour lui d\u2019exprimer son enti\u00e8re satisfaction au Pr\u00e9sident de la R\u00e9publique pour le lancement par celui- ci de la r\u00e9forme des m\u00e9dias apr\u00e8s la formation de la Commission en charge de cette r\u00e9forme et son \u00ab soutien continu aux efforts de la Haute Autorit\u00e9 de la Presse et Audiovisuel pour lui permettre de mener \u00e0 bien sa mission en toute ind\u00e9pendance et dans toutes les normes.<\/p>\n<p>Le pr\u00e9sident de la HAPA a indiqu\u00e9 qu\u2019il a \u00e9galement pass\u00e9 en revue avec Son Excellence le Pr\u00e9sident de la R\u00e9publique, les recommandations et les perspectives ouvertes par le rapport de l\u2019Autorit\u00e9 et les acquis r\u00e9alis\u00e9s dans l\u2019\u00e9largissement des libert\u00e9s, le renforcement de la formation et l\u2019enracinement des valeurs civiques dans la production m\u00e9diatique.<\/p>\n<p>Il a expliqu\u00e9 avoir \u00e9galement \u00e9voqu\u00e9, les recommandations du rapport, qui tentent de surmonter les diff\u00e9rentes difficult\u00e9s et probl\u00e8mes auxquels est confront\u00e9 le domaine des m\u00e9dias, que ce soit en renfor\u00e7ant davantage l\u2019entrepreneuriat m\u00e9diatique avec ses dimensions \u00e9conomiques, en diversifiant et en \u00e9largissant ce qu\u2019on appelle les espaces de libert\u00e9 \u00e0 travers la mise en place de fili\u00e8res associatives, en plus de l\u2019attention \u00e0 accorder \u00e0 l\u2019\u00e9l\u00e9ment humain et pour combler le retard enregistr\u00e9 dans le domaine de la transformation num\u00e9rique.<\/p>\n<p>M. Ould Meddou a enfin remerci\u00e9 Son Excellence le Pr\u00e9sident de la R\u00e9publique pour l\u2019accueil qu\u2019il lui a r\u00e9serv\u00e9 et pour la nature des r\u00e9formes qui ont \u00e9t\u00e9 introduites dans le paysage m\u00e9diatique en mati\u00e8re de contr\u00f4le, de formation et d\u2019\u00e9largissement des libert\u00e9s.<br \/>\nAmi<\/p>\n","protected":false},"excerpt":{"rendered":"<p>Son Excellence le Pr\u00e9sident de la R\u00e9publique, M. Mohamed Ould Cheikh El Ghazouani, a re\u00e7u le rapport annuel de la Haute Autorit\u00e9 de la Presse et de l\u2019Audiovisuel (HAPA). C\u2019\u00e9tait lors de l\u2019audience accord\u00e9e par Son Excellence le Pr\u00e9sident de la R\u00e9publique, mardi, soir au Palais pr\u00e9sidentiel \u00e0 Nouakchott, \u00e0 M. El Houssein Ould Meddou, &hellip;<\/p>\n","protected":false},"author":2,"featured_media":3171,"comment_status":"open","ping_status":"open","sticky":false,"template":"","format":"standard","meta":{"footnotes":""},"categories":[18,15],"tags":[],"class_list":["post-3170","post","type-post","status-publish","format-standard","has-post-thumbnail","hentry","category-actualites","category-culture"],"_links":{"self":[{"href":"https:\/\/ladepeche.mr\/index.php?rest_route=\/wp\/v2\/posts\/3170","targetHints":{"allow":["GET"]}}],"collection":[{"href":"https:\/\/ladepeche.mr\/index.php?rest_route=\/wp\/v2\/posts"}],"about":[{"href":"https:\/\/ladepeche.mr\/index.php?rest_route=\/wp\/v2\/types\/post"}],"author":[{"embeddable":true,"href":"https:\/\/ladepeche.mr\/index.php?rest_route=\/wp\/v2\/users\/2"}],"replies":[{"embeddable":true,"href":"https:\/\/ladepeche.mr\/index.php?rest_route=%2Fwp%2Fv2%2Fcomments&post=3170"}],"version-history":[{"count":1,"href":"https:\/\/ladepeche.mr\/index.php?rest_route=\/wp\/v2\/posts\/3170\/revisions"}],"predecessor-version":[{"id":3172,"href":"https:\/\/ladepeche.mr\/index.php?rest_route=\/wp\/v2\/posts\/3170\/revisions\/3172"}],"wp:featuredmedia":[{"embeddable":true,"href":"https:\/\/ladepeche.mr\/index.php?rest_route=\/wp\/v2\/media\/3171"}],"wp:attachment":[{"href":"https:\/\/ladepeche.mr\/index.php?rest_route=%2Fwp%2Fv2%2Fmedia&parent=3170"}],"wp:term":[{"taxonomy":"category","embeddable":true,"href":"https:\/\/ladepeche.mr\/index.php?rest_route=%2Fwp%2Fv2%2Fcategories&post=3170"},{"taxonomy":"post_tag","embeddable":true,"href":"https:\/\/ladepeche.mr\/index.php?rest_route=%2Fwp%2Fv2%2Ftags&post=3170"}],"curies":[{"name":"wp","href":"https:\/\/api.w.org\/{rel}","templated":true}]}}