{"id":3173,"date":"2022-12-06T20:28:22","date_gmt":"2022-12-06T20:28:22","guid":{"rendered":"https:\/\/ladepeche.mr\/?p=3173"},"modified":"2022-12-06T20:28:22","modified_gmt":"2022-12-06T20:28:22","slug":"au-bout-dun-long-combat-contre-lespagne-le-maroc-devient-la-4e-nation-africaine-en-quarts-de-finale","status":"publish","type":"post","link":"https:\/\/ladepeche.mr\/?p=3173","title":{"rendered":"Au bout d&#8217;un long combat contre l&#8217;Espagne, le Maroc devient la 4e nation africaine en quarts de finale"},"content":{"rendered":"<p>Sensation au Qatar ! Le Maroc se qualifie pour la premi\u00e8re fois de son histoire en quarts de finale de la Coupe du monde en \u00e9liminant l&#8217;Espagne aux tirs au but, \u00e0 l&#8217;issue d&#8217;une rencontre au cours de laquelle la Roja n&#8217;aura jamais trouv\u00e9 la faille.<\/p>\n<p>Surprise des poules, le Maroc a sorti l&#8217;Espagne aux tirs au but (0-0, 3-0 t.a.b), mardi 6 d\u00e9cembre, en huiti\u00e8mes de finale du Mondial qatari.<\/p>\n<p>Yacine Bounou a repouss\u00e9 deux tirs espagnols pour envoyer les Lions de l&#8217;Atlas en quarts de finale pour la premi\u00e8re fois de leur histoire.<\/p>\n<p>via cridem<\/p>\n","protected":false},"excerpt":{"rendered":"<p>Sensation au Qatar ! Le Maroc se qualifie pour la premi\u00e8re fois de son histoire en quarts de finale de la Coupe du monde en \u00e9liminant l&#8217;Espagne aux tirs au but, \u00e0 l&#8217;issue d&#8217;une rencontre au cours de laquelle la Roja n&#8217;aura jamais trouv\u00e9 la faille. Surprise des poules, le Maroc a sorti l&#8217;Espagne aux &hellip;<\/p>\n","protected":false},"author":2,"featured_media":3174,"comment_status":"open","ping_status":"open","sticky":false,"template":"","format":"standard","meta":{"footnotes":""},"categories":[18,17],"tags":[],"class_list":["post-3173","post","type-post","status-publish","format-standard","has-post-thumbnail","hentry","category-actualites","category-sports"],"_links":{"self":[{"href":"https:\/\/ladepeche.mr\/index.php?rest_route=\/wp\/v2\/posts\/3173","targetHints":{"allow":["GET"]}}],"collection":[{"href":"https:\/\/ladepeche.mr\/index.php?rest_route=\/wp\/v2\/posts"}],"about":[{"href":"https:\/\/ladepeche.mr\/index.php?rest_route=\/wp\/v2\/types\/post"}],"author":[{"embeddable":true,"href":"https:\/\/ladepeche.mr\/index.php?rest_route=\/wp\/v2\/users\/2"}],"replies":[{"embeddable":true,"href":"https:\/\/ladepeche.mr\/index.php?rest_route=%2Fwp%2Fv2%2Fcomments&post=3173"}],"version-history":[{"count":1,"href":"https:\/\/ladepeche.mr\/index.php?rest_route=\/wp\/v2\/posts\/3173\/revisions"}],"predecessor-version":[{"id":3175,"href":"https:\/\/ladepeche.mr\/index.php?rest_route=\/wp\/v2\/posts\/3173\/revisions\/3175"}],"wp:featuredmedia":[{"embeddable":true,"href":"https:\/\/ladepeche.mr\/index.php?rest_route=\/wp\/v2\/media\/3174"}],"wp:attachment":[{"href":"https:\/\/ladepeche.mr\/index.php?rest_route=%2Fwp%2Fv2%2Fmedia&parent=3173"}],"wp:term":[{"taxonomy":"category","embeddable":true,"href":"https:\/\/ladepeche.mr\/index.php?rest_route=%2Fwp%2Fv2%2Fcategories&post=3173"},{"taxonomy":"post_tag","embeddable":true,"href":"https:\/\/ladepeche.mr\/index.php?rest_route=%2Fwp%2Fv2%2Ftags&post=3173"}],"curies":[{"name":"wp","href":"https:\/\/api.w.org\/{rel}","templated":true}]}}