{"id":3180,"date":"2022-12-07T12:06:35","date_gmt":"2022-12-07T12:06:35","guid":{"rendered":"https:\/\/ladepeche.mr\/?p=3180"},"modified":"2022-12-07T13:18:12","modified_gmt":"2022-12-07T13:18:12","slug":"videosurveillance-a-nouakchott-316-cameras-de-surveillance-mises-en-marche","status":"publish","type":"post","link":"https:\/\/ladepeche.mr\/?p=3180","title":{"rendered":"T\u00e9l\u00e9surveillance \u00e0 Nouakchott : 316 cam\u00e9ras de surveillance mises en marche !"},"content":{"rendered":"<p>Le pr\u00e9sident de la R\u00e9publique, Mohamed Ould Cheikh El-Ghazouani, a donn\u00e9 le coup d\u2019envoi de la vid\u00e9osurveillance \u00e0 Nouakchott o\u00f9 r\u00e9side le quart de la population du pays. Le syst\u00e8me mis en place porte sur \u00ab des \u00e9quipements de surveillance des zones sensibles, un syst\u00e8me de communication de quatri\u00e8me g\u00e9n\u00e9ration avec 1 500 stations mobiles, 5 voitures et 316 cam\u00e9ras de vid\u00e9osurveillance, outre une possibilit\u00e9 d&#8217;extension \u00e0 1 000 points de surveillance \u00bb.<br \/>\nLa mise en marche de cet outil pour conjurer la propagation de la criminalit\u00e9 dans une ville m\u00e9galopole comme Nouakchott permettra aux services de police de surveiller en temps r\u00e9el les activit\u00e9s louches et notamment dans des endroits consid\u00e9r\u00e9s en raison du taux de criminalit\u00e9 comme des zones chaudes. Une raison invoqu\u00e9e d\u2019ailleurs dans le discours inaugural du ministre de l&#8217;Int\u00e9rieur Mohamed Ould Mohamed El Amine. Cit\u00e9 par l\u2019agence mauritanienne d\u2019information, le ministre de l\u2019int\u00e9rieur aurait pr\u00e9cis\u00e9 que \u00ab la s\u00e9curisation des zones urbaines \u00e9tait devenue plus difficile et complexe en raison de l&#8217;acc\u00e9l\u00e9ration de la croissance et de la propagation de la criminalit\u00e9 \u00bb dans la capitale.<br \/>\nLe projet est financ\u00e9 par la Chine \u00e0 hauteur de 20 millions de dollars. La Chine a une grande expertise dans la t\u00e9l\u00e9d\u00e9tection pour les usages d\u2019intervention imm\u00e9diate et de pr\u00e9vention d\u2019activit\u00e9s interdites.<\/p>\n","protected":false},"excerpt":{"rendered":"<p>Le pr\u00e9sident de la R\u00e9publique, Mohamed Ould Cheikh El-Ghazouani, a donn\u00e9 le coup d\u2019envoi de la vid\u00e9osurveillance \u00e0 Nouakchott o\u00f9 r\u00e9side le quart de la population du pays. Le syst\u00e8me mis en place porte sur \u00ab des \u00e9quipements de surveillance des zones sensibles, un syst\u00e8me de communication de quatri\u00e8me g\u00e9n\u00e9ration avec 1 500 stations mobiles, &hellip;<\/p>\n","protected":false},"author":2,"featured_media":3181,"comment_status":"open","ping_status":"open","sticky":false,"template":"","format":"standard","meta":{"footnotes":""},"categories":[18],"tags":[],"class_list":["post-3180","post","type-post","status-publish","format-standard","has-post-thumbnail","hentry","category-actualites"],"_links":{"self":[{"href":"https:\/\/ladepeche.mr\/index.php?rest_route=\/wp\/v2\/posts\/3180","targetHints":{"allow":["GET"]}}],"collection":[{"href":"https:\/\/ladepeche.mr\/index.php?rest_route=\/wp\/v2\/posts"}],"about":[{"href":"https:\/\/ladepeche.mr\/index.php?rest_route=\/wp\/v2\/types\/post"}],"author":[{"embeddable":true,"href":"https:\/\/ladepeche.mr\/index.php?rest_route=\/wp\/v2\/users\/2"}],"replies":[{"embeddable":true,"href":"https:\/\/ladepeche.mr\/index.php?rest_route=%2Fwp%2Fv2%2Fcomments&post=3180"}],"version-history":[{"count":5,"href":"https:\/\/ladepeche.mr\/index.php?rest_route=\/wp\/v2\/posts\/3180\/revisions"}],"predecessor-version":[{"id":3193,"href":"https:\/\/ladepeche.mr\/index.php?rest_route=\/wp\/v2\/posts\/3180\/revisions\/3193"}],"wp:featuredmedia":[{"embeddable":true,"href":"https:\/\/ladepeche.mr\/index.php?rest_route=\/wp\/v2\/media\/3181"}],"wp:attachment":[{"href":"https:\/\/ladepeche.mr\/index.php?rest_route=%2Fwp%2Fv2%2Fmedia&parent=3180"}],"wp:term":[{"taxonomy":"category","embeddable":true,"href":"https:\/\/ladepeche.mr\/index.php?rest_route=%2Fwp%2Fv2%2Fcategories&post=3180"},{"taxonomy":"post_tag","embeddable":true,"href":"https:\/\/ladepeche.mr\/index.php?rest_route=%2Fwp%2Fv2%2Ftags&post=3180"}],"curies":[{"name":"wp","href":"https:\/\/api.w.org\/{rel}","templated":true}]}}