{"id":3194,"date":"2022-12-07T13:22:50","date_gmt":"2022-12-07T13:22:50","guid":{"rendered":"https:\/\/ladepeche.mr\/?p=3194"},"modified":"2022-12-07T13:22:50","modified_gmt":"2022-12-07T13:22:50","slug":"sommet-arabo-chinois-depart-du-president-de-la-republique-pour-le-royaume-darabie-saoudite","status":"publish","type":"post","link":"https:\/\/ladepeche.mr\/?p=3194","title":{"rendered":"Sommet Arabo-Chinois: D\u00e9part du Pr\u00e9sident de la R\u00e9publique pour le Royaume d\u2019Arabie Saoudite"},"content":{"rendered":"<p>Le pr\u00e9sident de la R\u00e9publique, Son Excellence Monsieur Mohamed Ould Cheikh El Ghazouani a quitt\u00e9 Nouakchott, mercredi matin, pour Ryad (Royaume d\u2019Arabie Saoudite) pour participer aux travaux du sommet arabo-chinois.<\/p>\n<p>Le Pr\u00e9sident de la R\u00e9publique a \u00e9t\u00e9 salu\u00e9 \u00e0 son d\u00e9part de l\u2019a\u00e9roport international de Nouakchott Oumtounsy par le Premier ministre, M. Mohamed Ould Bilal Messoud, des membres du gouvernement, le chef d\u2019\u00e9tat-major particulier du Pr\u00e9sident de la R\u00e9publique, la directrice-adjointe de cabinet du Pr\u00e9sident de la R\u00e9publique, le wali de Nouakchott ouest et la pr\u00e9sidente du conseil r\u00e9gional de Nouakchott.<\/p>\n<p>Son Excellence Monsieur Mohamed Ould Cheikh El Ghazouani est accompagn\u00e9 par une importante d\u00e9l\u00e9gation comprenant :<\/p>\n<p>-Mme Mariem Mint Dah, Premi\u00e8re Dame<\/p>\n<p>-M. Moulay Ould Mohamed Lagdaf, ministre secr\u00e9taire g\u00e9n\u00e9ral de la Pr\u00e9sidence de la R\u00e9publique<\/p>\n<p>-Mme Naha Mint Hamdy Ould Mouknass, ministre conseill\u00e8re \u00e0 la Pr\u00e9sidence de la R\u00e9publique<\/p>\n<p>-M. Mohamed Salem Ould Merzoug, ministre des Affaires \u00e9trang\u00e8res, de la Coop\u00e9ration et des Mauritaniens de l\u2019Ext\u00e9rieur<\/p>\n<p>-M. Ousmane Mamoudou Kane, ministre des Affaires \u00e9conomiques et de la Promotion des Secteurs productifs<\/p>\n<p>-M. Isselmou Ould Mohamed M\u2019Badi, ministre des Finances<\/p>\n<p>-M. Ismail Ould Cheikh Ahmed, directeur de cabinet du Pr\u00e9sident de la R\u00e9publique<\/p>\n<p>\u2013 M. Ba. Abdoulay, pr\u00e9sident de la zone franche de Nouadhibou<\/p>\n<p>-SEM Sidi Ali Sidi Ali, ambassadeur de la R\u00e9publique Islamique de Mauritanie au Royaume d\u2019Arabie Saoudite<\/p>\n<p>-SEM Sidi Mohamed Abdellah, ambassadeur de la R\u00e9publique Islamique de Mauritanie en \u00c9gypte<\/p>\n<p>-M. Ahmed Ould Bah dit H\u2019Meida, conseiller \u00e0 la Pr\u00e9sidence de la R\u00e9publique<\/p>\n<p>-M. Ahmed Ould Neini, conseiller \u00e0 la Pr\u00e9sidence de la R\u00e9publique<\/p>\n<p>-M. El Hassen Ould Ahmed, directeur g\u00e9n\u00e9ral du protocole d\u2019\u00c9tat<br \/>\nAmi<\/p>\n","protected":false},"excerpt":{"rendered":"<p>Le pr\u00e9sident de la R\u00e9publique, Son Excellence Monsieur Mohamed Ould Cheikh El Ghazouani a quitt\u00e9 Nouakchott, mercredi matin, pour Ryad (Royaume d\u2019Arabie Saoudite) pour participer aux travaux du sommet arabo-chinois. Le Pr\u00e9sident de la R\u00e9publique a \u00e9t\u00e9 salu\u00e9 \u00e0 son d\u00e9part de l\u2019a\u00e9roport international de Nouakchott Oumtounsy par le Premier ministre, M. Mohamed Ould Bilal &hellip;<\/p>\n","protected":false},"author":2,"featured_media":3195,"comment_status":"open","ping_status":"open","sticky":false,"template":"","format":"standard","meta":{"footnotes":""},"categories":[18,2,29],"tags":[],"class_list":["post-3194","post","type-post","status-publish","format-standard","has-post-thumbnail","hentry","category-actualites","category-economie","category-monde"],"_links":{"self":[{"href":"https:\/\/ladepeche.mr\/index.php?rest_route=\/wp\/v2\/posts\/3194","targetHints":{"allow":["GET"]}}],"collection":[{"href":"https:\/\/ladepeche.mr\/index.php?rest_route=\/wp\/v2\/posts"}],"about":[{"href":"https:\/\/ladepeche.mr\/index.php?rest_route=\/wp\/v2\/types\/post"}],"author":[{"embeddable":true,"href":"https:\/\/ladepeche.mr\/index.php?rest_route=\/wp\/v2\/users\/2"}],"replies":[{"embeddable":true,"href":"https:\/\/ladepeche.mr\/index.php?rest_route=%2Fwp%2Fv2%2Fcomments&post=3194"}],"version-history":[{"count":1,"href":"https:\/\/ladepeche.mr\/index.php?rest_route=\/wp\/v2\/posts\/3194\/revisions"}],"predecessor-version":[{"id":3196,"href":"https:\/\/ladepeche.mr\/index.php?rest_route=\/wp\/v2\/posts\/3194\/revisions\/3196"}],"wp:featuredmedia":[{"embeddable":true,"href":"https:\/\/ladepeche.mr\/index.php?rest_route=\/wp\/v2\/media\/3195"}],"wp:attachment":[{"href":"https:\/\/ladepeche.mr\/index.php?rest_route=%2Fwp%2Fv2%2Fmedia&parent=3194"}],"wp:term":[{"taxonomy":"category","embeddable":true,"href":"https:\/\/ladepeche.mr\/index.php?rest_route=%2Fwp%2Fv2%2Fcategories&post=3194"},{"taxonomy":"post_tag","embeddable":true,"href":"https:\/\/ladepeche.mr\/index.php?rest_route=%2Fwp%2Fv2%2Ftags&post=3194"}],"curies":[{"name":"wp","href":"https:\/\/api.w.org\/{rel}","templated":true}]}}