{"id":3197,"date":"2022-12-07T16:16:58","date_gmt":"2022-12-07T16:16:58","guid":{"rendered":"https:\/\/ladepeche.mr\/?p=3197"},"modified":"2022-12-07T16:43:18","modified_gmt":"2022-12-07T16:43:18","slug":"3197","status":"publish","type":"post","link":"https:\/\/ladepeche.mr\/?p=3197","title":{"rendered":"Le Fonds africain de d\u00e9veloppement mobilise 8,9 milliards de dollars pour les pays africains \u00e0 faible revenu, le montant le plus \u00e9lev\u00e9 de ses 50 ans d\u2019histoire"},"content":{"rendered":"<p><strong>Tanger, le 6 d\u00e9cembre 2022<\/strong> \u2013 Apr\u00e8s une ann\u00e9e d\u2019intenses n\u00e9gociations sur fond de perspectives \u00e9conomiques mondiales difficiles, les partenaires au d\u00e9veloppement du Fonds africain de d\u00e9veloppement (FAD) sont convenus d\u2019engager une enveloppe totale de 8,9 milliards de dollars pour son cycle de financement de 2023 \u00e0 2025. Il s\u2019agit de la plus importante reconstitution des ressources de l\u2019histoire du Fonds. Le FAD est le guichet concessionnel du Groupe de la Banque africaine de d\u00e9veloppement, qui accorde des dons et des pr\u00eats \u00e0 taux pr\u00e9f\u00e9rentiels aux pays \u00e0 faible revenu du continent.<br \/>\nCette reconstitution des ressources, \u00e0 hauteur de 8,9 milliards de dollars, comprend 8,5 milliards de dollars de financement de base du FAD et 429 millions de dollars pour son nouveau Guichet d\u2019action climatique.<br \/>\nLe financement de base du FAD-16 enregistre une augmentation de 14,24 % par rapport aux 7,4 milliards de dollars du FAD-15. Cela constitue une franche reconnaissance du Fonds africain de d\u00e9veloppement et de l\u2019impact de sa r\u00e9ponse aux multiples besoins du continent en mati\u00e8re de d\u00e9veloppement, notamment la reprise apr\u00e8s la pand\u00e9mie de Covid-19, les effets des changements climatiques, la fragilit\u00e9, la dette et les vuln\u00e9rabilit\u00e9s \u00e9conomiques.<br \/>\nL\u2019Alg\u00e9rie et le Maroc ont pour la premi\u00e8re fois apport\u00e9 leur contribution au fonds. Ils rejoignent ainsi l\u2019Angola, l\u2019\u00c9gypte et l\u2019Afrique du Sud sur la liste des pays africains contributeurs. Le Royaume du Maroc a accueilli la quatri\u00e8me et derni\u00e8re s\u00e9rie de r\u00e9unions pour la nouvelle reconstitution des ressources (FAD-16).<br \/>\n\u00c9mu, le pr\u00e9sident du Groupe de la Banque africaine de d\u00e9veloppement, Akinwumi Adesina, s\u2019est r\u00e9joui de cette impressionnante enveloppe financi\u00e8re : \u00ab\u2009Je suis impressionn\u00e9 par l\u2019engagement et les efforts consid\u00e9rables des pays contributeurs du FAD, qui ont intensifi\u00e9 leur soutien aux pays africains \u00e0 faible revenu, en particulier en cette p\u00e9riode de grands d\u00e9fis \u00e9conomiques, climatiques et budg\u00e9taires. C\u2019est l\u00e0 tout le pouvoir des partenariats mondiaux et du multilat\u00e9ralisme lorsqu\u2019ils sont mis efficacement au service de l\u2019Afrique.\u2009\u00bb<br \/>\nCette reconstitution intervient alors que le Fonds africain de d\u00e9veloppement c\u00e9l\u00e8bre le 50e anniversaire de sa cr\u00e9ation en 1972. Le Fonds a un impact significatif et, rien qu\u2019au cours des cinq derni\u00e8res ann\u00e9es, il a contribu\u00e9 \u00e0 raccorder 15,5 millions de personnes \u00e0 l\u2019\u00e9lectricit\u00e9, permis \u00e0 74 millions de personnes d\u2019avoir acc\u00e8s \u00e0 une agriculture am\u00e9lior\u00e9e, permis \u00e0 42 millions de personnes de b\u00e9n\u00e9ficier de services d\u2019approvisionnement en eau potable et d\u2019assainissement et a fait profiter 50 millions de personnes de services de transports am\u00e9lior\u00e9s, notamment gr\u00e2ce \u00e0 la construction et la r\u00e9habilitation de 8\u2009700 kilom\u00e8tres de routes. <\/p>\n<blockquote><p>Le Fonds africain de d\u00e9veloppement est le guichet de financement concessionnel du Groupe de la Banque africaine de d\u00e9veloppement. Il offre aux pays africains \u00e0 faible revenu des pr\u00eats concessionnels, des dons et des garanties. Le Fonds fournit \u00e9galement une assistance technique pour r\u00e9aliser des \u00e9tudes et renforcer les capacit\u00e9s afin de soutenir des programmes et projets qui r\u00e9duisent la pauvret\u00e9 et favorisent le d\u00e9veloppement socio\u00e9conomique. Cr\u00e9\u00e9 en 1972, le Fonds africain de d\u00e9veloppement est devenu op\u00e9rationnel en 1974. Seule grande institution de son genre \u00e0 \u00eatre bas\u00e9e sur le continent africain, il r\u00e9pond aujourd\u2019hui aux besoins de 37 pays africains, notamment les plus fragiles et les plus vuln\u00e9rables du continent. Les pays africains ont b\u00e9n\u00e9fici\u00e9 d\u2019un appui particuli\u00e8rement solide du Fonds africain de d\u00e9veloppement pendant la pand\u00e9mie de Covid-19. Le bilan du Fonds en mati\u00e8re d\u2019op\u00e9rations et de r\u00e9alisation de projets en fait un partenaire respect\u00e9 et digne de confiance des gouvernements africains<\/p><\/blockquote>\n<p>.<\/p>\n<p>Le FAD-16 soutiendra deux priorit\u00e9s op\u00e9rationnelles et politiques strat\u00e9giques : le d\u00e9veloppement d\u2019infrastructures de qualit\u00e9 durables et r\u00e9silientes aux changements climatiques et la gouvernance, le renforcement des capacit\u00e9s et la gestion durable de la dette dans les pays b\u00e9n\u00e9ficiaires. Il se concentrera \u00e9galement sur l\u2019autonomisation des femmes et des filles comme moyen d\u2019atteindre un d\u00e9veloppement inclusif et durable.<br \/>\nLa reconstitution des ressources du FAD-16 aura encore plus d\u2019impact au cours des trois prochaines ann\u00e9es. Elle permettra de connecter 20 millions de personnes \u00e0 l\u2019\u00e9lectricit\u00e9, 24 millions de personnes b\u00e9n\u00e9ficieront d\u2019am\u00e9liorations dans le domaine de l\u2019agriculture, 32 millions de personnes auront acc\u00e8s \u00e0 l\u2019eau et \u00e0 l\u2019assainissement, et 15 millions de personnes auront un meilleur acc\u00e8s aux transports.<br \/>\nM. Adesina a ajout\u00e9 : \u00ab\u2009Ce sont l\u00e0 d\u2019impressionnants impacts de d\u00e9veloppement. Ces impacts attendus du FAD feront progresser les Objectifs de d\u00e9veloppement durable et l\u2019Agenda 2063 de l\u2019Union africaine. Ils permettront au Fonds africain de d\u00e9veloppement de consolider sa r\u00e9putation de deuxi\u00e8me meilleure institution de financement concessionnel au monde. Nous livrerons encore plus, mieux, efficacement et en partenariat avec des partenaires bilat\u00e9raux et multilat\u00e9raux. Nous ferons \u00e9merger une Afrique respectueuse du climat, r\u00e9siliente, inclusive et int\u00e9gr\u00e9e.\u2009\u00bb<br \/>\n\u00ab\u2009Les pays africains \u00e0 faible revenu sont les plus vuln\u00e9rables et les moins pr\u00e9par\u00e9s \u00e0 faire face aux changements climatiques. Le Guichet d\u2019action climatique et notre engagement \u00e0 consacrer 40 % du financement de base du FAD-16 au financement climatique contribueront \u00e0 renforcer la r\u00e9silience climatique de l\u2019Afrique\u2009\u00bb, a d\u00e9clar\u00e9 M. Adesina.<br \/>\nSource BAD<\/p>\n","protected":false},"excerpt":{"rendered":"<p>Tanger, le 6 d\u00e9cembre 2022 \u2013 Apr\u00e8s une ann\u00e9e d\u2019intenses n\u00e9gociations sur fond de perspectives \u00e9conomiques mondiales difficiles, les partenaires au d\u00e9veloppement du Fonds africain de d\u00e9veloppement (FAD) sont convenus d\u2019engager une enveloppe totale de 8,9 milliards de dollars pour son cycle de financement de 2023 \u00e0 2025. Il s\u2019agit de la plus importante reconstitution &hellip;<\/p>\n","protected":false},"author":2,"featured_media":3199,"comment_status":"open","ping_status":"open","sticky":false,"template":"","format":"standard","meta":{"footnotes":""},"categories":[18,29,19],"tags":[],"class_list":["post-3197","post","type-post","status-publish","format-standard","has-post-thumbnail","hentry","category-actualites","category-monde","category-tribune"],"_links":{"self":[{"href":"https:\/\/ladepeche.mr\/index.php?rest_route=\/wp\/v2\/posts\/3197","targetHints":{"allow":["GET"]}}],"collection":[{"href":"https:\/\/ladepeche.mr\/index.php?rest_route=\/wp\/v2\/posts"}],"about":[{"href":"https:\/\/ladepeche.mr\/index.php?rest_route=\/wp\/v2\/types\/post"}],"author":[{"embeddable":true,"href":"https:\/\/ladepeche.mr\/index.php?rest_route=\/wp\/v2\/users\/2"}],"replies":[{"embeddable":true,"href":"https:\/\/ladepeche.mr\/index.php?rest_route=%2Fwp%2Fv2%2Fcomments&post=3197"}],"version-history":[{"count":3,"href":"https:\/\/ladepeche.mr\/index.php?rest_route=\/wp\/v2\/posts\/3197\/revisions"}],"predecessor-version":[{"id":3201,"href":"https:\/\/ladepeche.mr\/index.php?rest_route=\/wp\/v2\/posts\/3197\/revisions\/3201"}],"wp:featuredmedia":[{"embeddable":true,"href":"https:\/\/ladepeche.mr\/index.php?rest_route=\/wp\/v2\/media\/3199"}],"wp:attachment":[{"href":"https:\/\/ladepeche.mr\/index.php?rest_route=%2Fwp%2Fv2%2Fmedia&parent=3197"}],"wp:term":[{"taxonomy":"category","embeddable":true,"href":"https:\/\/ladepeche.mr\/index.php?rest_route=%2Fwp%2Fv2%2Fcategories&post=3197"},{"taxonomy":"post_tag","embeddable":true,"href":"https:\/\/ladepeche.mr\/index.php?rest_route=%2Fwp%2Fv2%2Ftags&post=3197"}],"curies":[{"name":"wp","href":"https:\/\/api.w.org\/{rel}","templated":true}]}}