{"id":3203,"date":"2022-12-09T08:59:14","date_gmt":"2022-12-09T08:59:14","guid":{"rendered":"https:\/\/ladepeche.mr\/?p=3203"},"modified":"2022-12-09T09:00:16","modified_gmt":"2022-12-09T09:00:16","slug":"mauritanie-la-veuve-du-fils-de-ly-president-aziz-porte-plainte-contre-lui","status":"publish","type":"post","link":"https:\/\/ladepeche.mr\/?p=3203","title":{"rendered":"Mauritanie- La veuve du fils de l\u2019ex-pr\u00e9sident Aziz  porte plainte contre lui"},"content":{"rendered":"<p>Selon le site Alakhbar, Mint Aidi Ali, \u00e9pouse de feu Ahmedou Ould Abdelaziz, aurait port\u00e9 plainte contre son beau-p\u00e8re, l\u2019ancien pr\u00e9sident Mohamed Ould Abdelaziz.<br \/>\nOn indique de m\u00eame source que l\u2019ancien pr\u00e9sident aurait comparu ru jeudi devant un juge du tribunal de Tevragh-Zeina.<br \/>\nLa plainte introduite par Mint Sidi Ali se rapporterait \u00e0 l\u2019h\u00e9ritage de ses droits ainsi que ceux de son fils qu\u2019elle avait eu avec son \u00e9poux d\u00e9c\u00e9d\u00e9 en 2015 suite \u00e0 un accident de voiture.<br \/>\nL\u2019ancien pr\u00e9sident fait \u00e9galement face \u00e0 une affaire pendante devant la justice relative \u00e0 10 ans sa gestion de l\u2019Etat.<\/p>\n","protected":false},"excerpt":{"rendered":"<p>Selon le site Alakhbar, Mint Aidi Ali, \u00e9pouse de feu Ahmedou Ould Abdelaziz, aurait port\u00e9 plainte contre son beau-p\u00e8re, l\u2019ancien pr\u00e9sident Mohamed Ould Abdelaziz. On indique de m\u00eame source que l\u2019ancien pr\u00e9sident aurait comparu ru jeudi devant un juge du tribunal de Tevragh-Zeina. La plainte introduite par Mint Sidi Ali se rapporterait \u00e0 l\u2019h\u00e9ritage de &hellip;<\/p>\n","protected":false},"author":2,"featured_media":1817,"comment_status":"open","ping_status":"open","sticky":false,"template":"","format":"standard","meta":{"footnotes":""},"categories":[18],"tags":[],"class_list":["post-3203","post","type-post","status-publish","format-standard","has-post-thumbnail","hentry","category-actualites"],"_links":{"self":[{"href":"https:\/\/ladepeche.mr\/index.php?rest_route=\/wp\/v2\/posts\/3203","targetHints":{"allow":["GET"]}}],"collection":[{"href":"https:\/\/ladepeche.mr\/index.php?rest_route=\/wp\/v2\/posts"}],"about":[{"href":"https:\/\/ladepeche.mr\/index.php?rest_route=\/wp\/v2\/types\/post"}],"author":[{"embeddable":true,"href":"https:\/\/ladepeche.mr\/index.php?rest_route=\/wp\/v2\/users\/2"}],"replies":[{"embeddable":true,"href":"https:\/\/ladepeche.mr\/index.php?rest_route=%2Fwp%2Fv2%2Fcomments&post=3203"}],"version-history":[{"count":2,"href":"https:\/\/ladepeche.mr\/index.php?rest_route=\/wp\/v2\/posts\/3203\/revisions"}],"predecessor-version":[{"id":3205,"href":"https:\/\/ladepeche.mr\/index.php?rest_route=\/wp\/v2\/posts\/3203\/revisions\/3205"}],"wp:featuredmedia":[{"embeddable":true,"href":"https:\/\/ladepeche.mr\/index.php?rest_route=\/wp\/v2\/media\/1817"}],"wp:attachment":[{"href":"https:\/\/ladepeche.mr\/index.php?rest_route=%2Fwp%2Fv2%2Fmedia&parent=3203"}],"wp:term":[{"taxonomy":"category","embeddable":true,"href":"https:\/\/ladepeche.mr\/index.php?rest_route=%2Fwp%2Fv2%2Fcategories&post=3203"},{"taxonomy":"post_tag","embeddable":true,"href":"https:\/\/ladepeche.mr\/index.php?rest_route=%2Fwp%2Fv2%2Ftags&post=3203"}],"curies":[{"name":"wp","href":"https:\/\/api.w.org\/{rel}","templated":true}]}}