{"id":3217,"date":"2022-12-11T13:17:17","date_gmt":"2022-12-11T13:17:17","guid":{"rendered":"https:\/\/ladepeche.mr\/?p=3217"},"modified":"2022-12-11T13:17:17","modified_gmt":"2022-12-11T13:17:17","slug":"journee-internationale-des-droits-de-lhomme-declaration-du-president-de-la-cndh","status":"publish","type":"post","link":"https:\/\/ladepeche.mr\/?p=3217","title":{"rendered":"Journ\u00e9e internationale des droits de l\u2019homme : d\u00e9claration du pr\u00e9sident de la CNDH"},"content":{"rendered":"<p>En communion avec la Communaut\u00e9 internationale, nous c\u00e9l\u00e9brons aujourd\u2019hui plein d\u2019espoirs d\u2019un avenir meilleur la Journ\u00e9e des droits de l\u2019homme co\u00efncidant avec l\u2019adoption en 1948 par l\u2019Assembl\u00e9e g\u00e9n\u00e9rale des Nations Unies de la D\u00e9claration universelle des droits de l\u2019homme. <\/p>\n<p>Une d\u00e9claration qui garantit les droits inali\u00e9nables de tous les \u00eatres humains, sans distinction aucune. Soixante-quatorze ans apr\u00e8s cette d\u00e9claration, l\u2019engagement en faveur de tels droits n\u2019a jamais \u00e9t\u00e9 d\u2019une aussi grande acuit\u00e9.<\/p>\n<p>A l\u2019instar du reste du monde, le gouvernement mauritanien s\u2019emploie \u00e0 prendre \u00e0 bras le corps la jouissance de ces droits adaptant ses propres structures fonctionnelles et organisationnelles pour une meilleure prise en charge des droits de l\u2019Homme.<\/p>\n<p>C\u2019est le lieu de se f\u00e9liciter des efforts d\u00e9ploy\u00e9s et des avanc\u00e9es enregistr\u00e9es par le Gouvernement mauritanien \u00e0 travers la mise en place d\u2019un arsenal juridique de plus en plus complet et ad\u00e9quat pour la promotion et la protection de ces droits ; mais aussi via les initiatives de mobilisation, de formation et de sensibilisation pour traduire dans les faits les engagements souscrits.<\/p>\n<p>Les efforts en faveur de l\u2019\u00e9radication de l\u2019esclavage sont \u00e0 noter et tout particuli\u00e8rement cette approche qui vise \u00e0 transformer le d\u00e9bat sur la question en travail inclusif de terrain dans une transparence totale \u00e0 ce titre je ne manquerai de remercier le bureau du haut commissariat des nations unies aux droits de l\u2019homme, les ambassadeurs, les organisations de la soci\u00e9t\u00e9 civile qui accompagnent notre caravane \u00ab Esclavage Tourner la page \u00bb.<\/p>\n<p>La pr\u00e9sence aujourd\u2019hui des diff\u00e9rentes parties concern\u00e9es, Etat, institutions-conseils, Bureau des Nations-Unies des droits de l\u2019Homme, partenaires et soci\u00e9t\u00e9 civile, offre le meilleur tableau consensuel pour \u0153uvrer ensembles pour r\u00e9aliser des objectifs communs.<\/p>\n<p>Du fait de cet \u00e9lan partag\u00e9, des acquis r\u00e9alis\u00e9s et du climat propice, l\u2019on est en droit de s\u2019attendre encore \u00e0 mieux et toujours plus de droits, de libert\u00e9s et d\u2019\u00e9galit\u00e9s, d\u2019\u00e9gal acc\u00e8s aux droits, d\u2019\u00e9gal acc\u00e8s \u00e0 la Justice. <\/p>\n<p>Des efforts suppl\u00e9mentaires doivent \u00eatre d\u00e9ploy\u00e9s en faveur du respect des libert\u00e9s publiques notamment le droit \u00e0 l\u2019expression, \u00e0 la non discrimination, \u00e0 l\u2019association et \u00e0 la manifestation sans oublier de rappeler comme nous l\u2019avons fait tout derni\u00e8rement lors d\u2019un atelier que la libert\u00e9 d\u2019expression a ses limites qu\u2019il convient de faire respecter.<\/p>\n<p>En effet le discours de haine, de racisme et de violence ne sont pas couverts par la libert\u00e9 d\u2019expression il s\u2019agit d\u2019infractions commises \u00e0 travers l\u2019expression.<\/p>\n<p>D\u2019autres efforts suppl\u00e9mentaires sont \u00e9galement attendus, je citerai pour leur caract\u00e8re urgent l\u2019application effective des textes, l\u2019assistance judiciaire qui n\u2019est pas encore op\u00e9rationnelle et la situation de certaines prisons dans le pays.<\/p>\n<p>La CNDH a visit\u00e9 l\u2019ensemble des prisons du pays si des progr\u00e8s ont \u00e9t\u00e9 enregistr\u00e9s dans une grande partie des maisons d\u2019arr\u00eat, dans certaines, comme celle de N\u00e9ma que nous avons visit\u00e9e vendredi, le lieu est inadapt\u00e9 ce qui se refl\u00e8te in\u00e9vitablement sur les conditions carc\u00e9rales.<\/p>\n<p>Mais nous avons grand espoir que ces lacunes seront prises en charge et d\u00e9finitivement r\u00e9gl\u00e9es \u00e0 l\u2019avenir gr\u00e2ce \u00e0 l\u2019engagement des autorit\u00e9s politiques et de la participation de tous les partenaires.<\/p>\n<p>En effet le d\u00e9veloppement, la paix, la stabilit\u00e9, la s\u00e9curit\u00e9 passent in\u00e9vitablement par le respect des droits humains<\/p>\n<p>Source: CNDH<\/p>\n","protected":false},"excerpt":{"rendered":"<p>En communion avec la Communaut\u00e9 internationale, nous c\u00e9l\u00e9brons aujourd\u2019hui plein d\u2019espoirs d\u2019un avenir meilleur la Journ\u00e9e des droits de l\u2019homme co\u00efncidant avec l\u2019adoption en 1948 par l\u2019Assembl\u00e9e g\u00e9n\u00e9rale des Nations Unies de la D\u00e9claration universelle des droits de l\u2019homme. Une d\u00e9claration qui garantit les droits inali\u00e9nables de tous les \u00eatres humains, sans distinction aucune. Soixante-quatorze &hellip;<\/p>\n","protected":false},"author":2,"featured_media":3218,"comment_status":"open","ping_status":"open","sticky":false,"template":"","format":"standard","meta":{"footnotes":""},"categories":[18,19],"tags":[],"class_list":["post-3217","post","type-post","status-publish","format-standard","has-post-thumbnail","hentry","category-actualites","category-tribune"],"_links":{"self":[{"href":"https:\/\/ladepeche.mr\/index.php?rest_route=\/wp\/v2\/posts\/3217","targetHints":{"allow":["GET"]}}],"collection":[{"href":"https:\/\/ladepeche.mr\/index.php?rest_route=\/wp\/v2\/posts"}],"about":[{"href":"https:\/\/ladepeche.mr\/index.php?rest_route=\/wp\/v2\/types\/post"}],"author":[{"embeddable":true,"href":"https:\/\/ladepeche.mr\/index.php?rest_route=\/wp\/v2\/users\/2"}],"replies":[{"embeddable":true,"href":"https:\/\/ladepeche.mr\/index.php?rest_route=%2Fwp%2Fv2%2Fcomments&post=3217"}],"version-history":[{"count":1,"href":"https:\/\/ladepeche.mr\/index.php?rest_route=\/wp\/v2\/posts\/3217\/revisions"}],"predecessor-version":[{"id":3219,"href":"https:\/\/ladepeche.mr\/index.php?rest_route=\/wp\/v2\/posts\/3217\/revisions\/3219"}],"wp:featuredmedia":[{"embeddable":true,"href":"https:\/\/ladepeche.mr\/index.php?rest_route=\/wp\/v2\/media\/3218"}],"wp:attachment":[{"href":"https:\/\/ladepeche.mr\/index.php?rest_route=%2Fwp%2Fv2%2Fmedia&parent=3217"}],"wp:term":[{"taxonomy":"category","embeddable":true,"href":"https:\/\/ladepeche.mr\/index.php?rest_route=%2Fwp%2Fv2%2Fcategories&post=3217"},{"taxonomy":"post_tag","embeddable":true,"href":"https:\/\/ladepeche.mr\/index.php?rest_route=%2Fwp%2Fv2%2Ftags&post=3217"}],"curies":[{"name":"wp","href":"https:\/\/api.w.org\/{rel}","templated":true}]}}