{"id":3226,"date":"2022-12-12T10:11:13","date_gmt":"2022-12-12T10:11:13","guid":{"rendered":"https:\/\/ladepeche.mr\/?p=3226"},"modified":"2022-12-12T10:11:13","modified_gmt":"2022-12-12T10:11:13","slug":"le-president-de-la-republique-quitte-nouakchott-a-destination-de-washington","status":"publish","type":"post","link":"https:\/\/ladepeche.mr\/?p=3226","title":{"rendered":"Le Pr\u00e9sident de la R\u00e9publique quitte Nouakchott \u00e0 destination de Washington"},"content":{"rendered":"<p> Le Pr\u00e9sident de la R\u00e9publique, Son Excellence Monsieur Mohamed Ould Cheikh El Ghazouani, a quitt\u00e9 Nouakchott, dimanche soir \u00e0 destination de Washington (Etats Unis d\u2019Am\u00e9rique) pour participer aux travaux du sommet am\u00e9ricano-africain.<\/p>\n<p>Le Pr\u00e9sident de la R\u00e9publique a \u00e9t\u00e9 salu\u00e9 \u00e0 son d\u00e9part de l\u2019a\u00e9roport international de Nouakchott Oumtounsi par le Premier ministre, M. Mohamed Ould Bilal Messoud, le ministre secr\u00e9taire g\u00e9n\u00e9ral de la Pr\u00e9sidence de la R\u00e9publique, les deux ministres conseill\u00e8res \u00e0 la Pr\u00e9sidence de la R\u00e9publique, les ministres de la Justice et de la D\u00e9fense nationale, le chef d\u2019Etat-major particulier du Pr\u00e9sident de la R\u00e9publique, la directrice adjointe de cabinet du Pr\u00e9sident de la R\u00e9publique, le wali de Nouakchott ouest et la pr\u00e9sidente du Conseil r\u00e9gional de Nouakchott.<\/p>\n<p>Au cours de ce voyage le Pr\u00e9sident de la R\u00e9publique est accompagn\u00e9 d\u2019une importante d\u00e9l\u00e9gation comprenant:<\/p>\n<p>\u2013 Mme Mariem Mint Dah, Premi\u00e8re dame,<\/p>\n<p>\u2013 MM.- Mohamed Salem Ould Merzoug, ministre des Affaires \u00e9trang\u00e8res, de la coop\u00e9ration et des mauritaniens de l\u2019ext\u00e9rieur,<\/p>\n<p>\u2013 Ousmane Mamoudou Kane, ministre des Affaires \u00e9conomiques et de la promotion des secteurs productifs,<\/p>\n<p>\u2013 Abdesselam Ould Mohamed Saleh, ministre du P\u00e9trole, des Mines et de l\u2019Energie,<\/p>\n<p>\u2013 Mme Lalia Camara, ministre de l\u2019Environnement et du d\u00e9veloppement durable,<\/p>\n<p>\u2013 M. Ismail Ould Cheikh Ahmed, directeur de cabinet du Pr\u00e9sident de la R\u00e9publique,<\/p>\n<p>\u2013 Mme Ciss\u00e9 Mint Cheikh Ould Boida, ambassadrice de Mauritanie \u00e0 Washington,<\/p>\n<p>\u2013 MM. \u2013 Ahmed Ould Bah dit H\u2019Meida, conseiller \u00e0 la Pr\u00e9sidence de la R\u00e9publique,<\/p>\n<p>\u2013 Ahmed Ould Bahini, Charg\u00e9 de mission \u00e0 la Pr\u00e9sidence de la R\u00e9publique,<\/p>\n<p>\u2013 El Hacen Ould Ahmed, directeur g\u00e9n\u00e9ral du protocole d\u2019Etat.<br \/>\nAmi<\/p>\n","protected":false},"excerpt":{"rendered":"<p>Le Pr\u00e9sident de la R\u00e9publique, Son Excellence Monsieur Mohamed Ould Cheikh El Ghazouani, a quitt\u00e9 Nouakchott, dimanche soir \u00e0 destination de Washington (Etats Unis d\u2019Am\u00e9rique) pour participer aux travaux du sommet am\u00e9ricano-africain. Le Pr\u00e9sident de la R\u00e9publique a \u00e9t\u00e9 salu\u00e9 \u00e0 son d\u00e9part de l\u2019a\u00e9roport international de Nouakchott Oumtounsi par le Premier ministre, M. Mohamed &hellip;<\/p>\n","protected":false},"author":2,"featured_media":3227,"comment_status":"open","ping_status":"open","sticky":false,"template":"","format":"standard","meta":{"footnotes":""},"categories":[18,29],"tags":[],"class_list":["post-3226","post","type-post","status-publish","format-standard","has-post-thumbnail","hentry","category-actualites","category-monde"],"_links":{"self":[{"href":"https:\/\/ladepeche.mr\/index.php?rest_route=\/wp\/v2\/posts\/3226","targetHints":{"allow":["GET"]}}],"collection":[{"href":"https:\/\/ladepeche.mr\/index.php?rest_route=\/wp\/v2\/posts"}],"about":[{"href":"https:\/\/ladepeche.mr\/index.php?rest_route=\/wp\/v2\/types\/post"}],"author":[{"embeddable":true,"href":"https:\/\/ladepeche.mr\/index.php?rest_route=\/wp\/v2\/users\/2"}],"replies":[{"embeddable":true,"href":"https:\/\/ladepeche.mr\/index.php?rest_route=%2Fwp%2Fv2%2Fcomments&post=3226"}],"version-history":[{"count":1,"href":"https:\/\/ladepeche.mr\/index.php?rest_route=\/wp\/v2\/posts\/3226\/revisions"}],"predecessor-version":[{"id":3228,"href":"https:\/\/ladepeche.mr\/index.php?rest_route=\/wp\/v2\/posts\/3226\/revisions\/3228"}],"wp:featuredmedia":[{"embeddable":true,"href":"https:\/\/ladepeche.mr\/index.php?rest_route=\/wp\/v2\/media\/3227"}],"wp:attachment":[{"href":"https:\/\/ladepeche.mr\/index.php?rest_route=%2Fwp%2Fv2%2Fmedia&parent=3226"}],"wp:term":[{"taxonomy":"category","embeddable":true,"href":"https:\/\/ladepeche.mr\/index.php?rest_route=%2Fwp%2Fv2%2Fcategories&post=3226"},{"taxonomy":"post_tag","embeddable":true,"href":"https:\/\/ladepeche.mr\/index.php?rest_route=%2Fwp%2Fv2%2Ftags&post=3226"}],"curies":[{"name":"wp","href":"https:\/\/api.w.org\/{rel}","templated":true}]}}