{"id":3229,"date":"2022-12-12T13:21:38","date_gmt":"2022-12-12T13:21:38","guid":{"rendered":"https:\/\/ladepeche.mr\/?p=3229"},"modified":"2022-12-12T13:22:27","modified_gmt":"2022-12-12T13:22:27","slug":"une-secousse-tellurique-enregistree-dans-la-province-dagadir","status":"publish","type":"post","link":"https:\/\/ladepeche.mr\/?p=3229","title":{"rendered":"Urgent- Une secousse tellurique enregistr\u00e9e dans la province d&#8217;Agadir"},"content":{"rendered":"<p>L\u2019Institut national de g\u00e9ophysique (ING) a annonc\u00e9 qu\u2019une secousse tellurique de magnitude de 4,5 degr\u00e9s sur l\u2019\u00e9chelle de Richter a \u00e9t\u00e9 enregistr\u00e9e, ce lundi 12 d\u00e9cembre, dans la province d\u2019Agadir.<br \/>\nDans un bulletin d\u2019alerte sismique, l\u2019ING a relev\u00e9 que le R\u00e9seau national de surveillance et d\u2019alerte sismique a indiqu\u00e9 que la secousse, dont l\u2019\u00e9picentre est situ\u00e9 au large de la province d\u2019Agadir, s\u2019est produite \u00e0 5H51min 46sec (GMT+1).<br \/>\nSurvenue \u00e0 une profondeur de 3 km, la secousse s\u2019est produite \u00e0 une latitude de 30.290\u00b0N et une longitude de 9.650\u00b0W, selon la m\u00eame source.<\/p>\n<p>https:\/\/www.maroc-hebdo.press.ma\/secousse-tellurique-agadir<\/p>\n","protected":false},"excerpt":{"rendered":"<p>L\u2019Institut national de g\u00e9ophysique (ING) a annonc\u00e9 qu\u2019une secousse tellurique de magnitude de 4,5 degr\u00e9s sur l\u2019\u00e9chelle de Richter a \u00e9t\u00e9 enregistr\u00e9e, ce lundi 12 d\u00e9cembre, dans la province d\u2019Agadir. Dans un bulletin d\u2019alerte sismique, l\u2019ING a relev\u00e9 que le R\u00e9seau national de surveillance et d\u2019alerte sismique a indiqu\u00e9 que la secousse, dont l\u2019\u00e9picentre est &hellip;<\/p>\n","protected":false},"author":2,"featured_media":0,"comment_status":"open","ping_status":"open","sticky":false,"template":"","format":"standard","meta":{"footnotes":""},"categories":[18,29],"tags":[],"class_list":["post-3229","post","type-post","status-publish","format-standard","hentry","category-actualites","category-monde"],"_links":{"self":[{"href":"https:\/\/ladepeche.mr\/index.php?rest_route=\/wp\/v2\/posts\/3229","targetHints":{"allow":["GET"]}}],"collection":[{"href":"https:\/\/ladepeche.mr\/index.php?rest_route=\/wp\/v2\/posts"}],"about":[{"href":"https:\/\/ladepeche.mr\/index.php?rest_route=\/wp\/v2\/types\/post"}],"author":[{"embeddable":true,"href":"https:\/\/ladepeche.mr\/index.php?rest_route=\/wp\/v2\/users\/2"}],"replies":[{"embeddable":true,"href":"https:\/\/ladepeche.mr\/index.php?rest_route=%2Fwp%2Fv2%2Fcomments&post=3229"}],"version-history":[{"count":2,"href":"https:\/\/ladepeche.mr\/index.php?rest_route=\/wp\/v2\/posts\/3229\/revisions"}],"predecessor-version":[{"id":3232,"href":"https:\/\/ladepeche.mr\/index.php?rest_route=\/wp\/v2\/posts\/3229\/revisions\/3232"}],"wp:attachment":[{"href":"https:\/\/ladepeche.mr\/index.php?rest_route=%2Fwp%2Fv2%2Fmedia&parent=3229"}],"wp:term":[{"taxonomy":"category","embeddable":true,"href":"https:\/\/ladepeche.mr\/index.php?rest_route=%2Fwp%2Fv2%2Fcategories&post=3229"},{"taxonomy":"post_tag","embeddable":true,"href":"https:\/\/ladepeche.mr\/index.php?rest_route=%2Fwp%2Fv2%2Ftags&post=3229"}],"curies":[{"name":"wp","href":"https:\/\/api.w.org\/{rel}","templated":true}]}}