{"id":3233,"date":"2022-12-13T10:50:17","date_gmt":"2022-12-13T10:50:17","guid":{"rendered":"https:\/\/ladepeche.mr\/?p=3233"},"modified":"2022-12-13T10:51:05","modified_gmt":"2022-12-13T10:51:05","slug":"3233","status":"publish","type":"post","link":"https:\/\/ladepeche.mr\/?p=3233","title":{"rendered":"Migration ill\u00e9gale : La Mauritanie promet d&#8217;en couper le chemin"},"content":{"rendered":"<p>La Mauritanie a sign\u00e9 lundi, \u00e0 Bruxelles, un accord avec la commission europ\u00e9enne et certains pays europ\u00e9ens initiateurs de projets d\u2019aide \u00e0 la coop\u00e9ration, pour lutter contre la migration clandestine en direction de l\u2019Europe.<br \/>\nA l\u2019issue de la signature de l\u2019accord, le ministre mauritanien de l\u2019int\u00e9rieur, Mohamed Ahmed O. Mohamed Lemine, exprimant l\u2019opinion du gouvernement mauritanien sur la question, avait pr\u00e9cis\u00e9 que la migration ill\u00e9gale \u00e9tait \u00ab source d\u2019extr\u00eame danger \u00bb  qu\u2019elle avait \u00ab des cons\u00e9quences n\u00e9gatives sur la s\u00e9curit\u00e9 mondiale. \u00bb<br \/>\nL\u2019accord \u00e9tabli dans le cadre du \u00ab Team Europe \u00bb a \u00e9t\u00e9 \u00e9galement \u00e9largi au Niger et au Nig\u00e9ria. La commission europ\u00e9enne et lesdits \u00c9tats membres auraient d\u00e9j\u00e0 mobilis\u00e9 908 millions de livres sterling pour soutenir, dans l\u2019optique de barrer les routes de la migration ill\u00e9gale, la coop\u00e9ration avec plus d\u2019une dizaine de pays africains : la Mauritanie, l&#8217;Alg\u00e9rie, le Maroc, l\u2019Alg\u00e9rie, le S\u00e9n\u00e9gal, le Mali, le Niger, le Nig\u00e9ria, la Gambie, le Burkina Faso, le Ghana, la Guin\u00e9e et  la C\u00f4te d&#8217;Ivoire.<br \/>\nL\u2019objectif annonc\u00e9 de ces initiatives europ\u00e9ennes de renforcement de la coop\u00e9ration sur cette th\u00e9matique viserait \u00e0 couper les \u00abracines de la migration \u00bb en fermant les fronti\u00e8res encore poreuses sur les routes des migrants.<br \/>\nSelon Oliver Varhelyi, commissaire europ\u00e9en charg\u00e9 de la politique de voisinage\u00ab les principaux objectifs sont tr\u00e8s simples : nous travaillons ensemble pour renforcer la r\u00e9silience, soutenir la croissance \u00e9conomique, les nouveaux emplois et l&#8217;avenir des jeunes dans leur pays d&#8217;origine, tout en coop\u00e9rant pour lutter contre la migration irr\u00e9guli\u00e8re&#8221;.<br \/>\nLes trois pays europ\u00e9ens porteurs de ces initiatives de coop\u00e9ration euro-africaine pour stopper la migration ill\u00e9gale sont l\u2019Espagne, la France et l\u2019Italie.<\/p>\n","protected":false},"excerpt":{"rendered":"<p>La Mauritanie a sign\u00e9 lundi, \u00e0 Bruxelles, un accord avec la commission europ\u00e9enne et certains pays europ\u00e9ens initiateurs de projets d\u2019aide \u00e0 la coop\u00e9ration, pour lutter contre la migration clandestine en direction de l\u2019Europe. A l\u2019issue de la signature de l\u2019accord, le ministre mauritanien de l\u2019int\u00e9rieur, Mohamed Ahmed O. Mohamed Lemine, exprimant l\u2019opinion du gouvernement &hellip;<\/p>\n","protected":false},"author":2,"featured_media":3234,"comment_status":"open","ping_status":"open","sticky":false,"template":"","format":"standard","meta":{"footnotes":""},"categories":[18,29],"tags":[],"class_list":["post-3233","post","type-post","status-publish","format-standard","has-post-thumbnail","hentry","category-actualites","category-monde"],"_links":{"self":[{"href":"https:\/\/ladepeche.mr\/index.php?rest_route=\/wp\/v2\/posts\/3233","targetHints":{"allow":["GET"]}}],"collection":[{"href":"https:\/\/ladepeche.mr\/index.php?rest_route=\/wp\/v2\/posts"}],"about":[{"href":"https:\/\/ladepeche.mr\/index.php?rest_route=\/wp\/v2\/types\/post"}],"author":[{"embeddable":true,"href":"https:\/\/ladepeche.mr\/index.php?rest_route=\/wp\/v2\/users\/2"}],"replies":[{"embeddable":true,"href":"https:\/\/ladepeche.mr\/index.php?rest_route=%2Fwp%2Fv2%2Fcomments&post=3233"}],"version-history":[{"count":2,"href":"https:\/\/ladepeche.mr\/index.php?rest_route=\/wp\/v2\/posts\/3233\/revisions"}],"predecessor-version":[{"id":3236,"href":"https:\/\/ladepeche.mr\/index.php?rest_route=\/wp\/v2\/posts\/3233\/revisions\/3236"}],"wp:featuredmedia":[{"embeddable":true,"href":"https:\/\/ladepeche.mr\/index.php?rest_route=\/wp\/v2\/media\/3234"}],"wp:attachment":[{"href":"https:\/\/ladepeche.mr\/index.php?rest_route=%2Fwp%2Fv2%2Fmedia&parent=3233"}],"wp:term":[{"taxonomy":"category","embeddable":true,"href":"https:\/\/ladepeche.mr\/index.php?rest_route=%2Fwp%2Fv2%2Fcategories&post=3233"},{"taxonomy":"post_tag","embeddable":true,"href":"https:\/\/ladepeche.mr\/index.php?rest_route=%2Fwp%2Fv2%2Ftags&post=3233"}],"curies":[{"name":"wp","href":"https:\/\/api.w.org\/{rel}","templated":true}]}}