{"id":3248,"date":"2022-12-13T11:59:18","date_gmt":"2022-12-13T11:59:18","guid":{"rendered":"https:\/\/ladepeche.mr\/?p=3248"},"modified":"2022-12-13T11:59:18","modified_gmt":"2022-12-13T11:59:18","slug":"environnement-accalmie-sur-le-front-acridien","status":"publish","type":"post","link":"https:\/\/ladepeche.mr\/?p=3248","title":{"rendered":"Environnement : Accalmie sur le front acridien"},"content":{"rendered":"<p>Selon le dernier bulletin (7 d\u00e9cembre) sur le criquet p\u00e8lerin produit par Reliefweb, la situation relative au criquet p\u00e8lerin  a connu une certaine accalmie pendant le mois de novembre 2022.<br \/>\nCette accalmie fait suite \u00e0 une \u00ab petite r\u00e9surgence \u00bb observ\u00e9e d\u00e9but novembre sur une superficie de 100 km sur 70 km environ dans le nord-ouest de la Mauritanie. Des essaims devraient toutefois se rassembler pendant le mois de d\u00e9cembre avant de s\u2019estomper en raison des interventions des \u00e9quipes terrestres de lutte qui ont d\u00e9j\u00e0 trait\u00e9 2 298 ha , au dess\u00e8chement de la v\u00e9g\u00e9tation et \u00e0 l\u2019absence probable de pluies.<br \/>\nAucune pr\u00e9sence dangereuse ne serait \u00e0 craindre apr\u00e8s cette p\u00e9riode hivernale.<\/p>\n","protected":false},"excerpt":{"rendered":"<p>Selon le dernier bulletin (7 d\u00e9cembre) sur le criquet p\u00e8lerin produit par Reliefweb, la situation relative au criquet p\u00e8lerin a connu une certaine accalmie pendant le mois de novembre 2022. Cette accalmie fait suite \u00e0 une \u00ab petite r\u00e9surgence \u00bb observ\u00e9e d\u00e9but novembre sur une superficie de 100 km sur 70 km environ dans le &hellip;<\/p>\n","protected":false},"author":2,"featured_media":3249,"comment_status":"open","ping_status":"open","sticky":false,"template":"","format":"standard","meta":{"footnotes":""},"categories":[18],"tags":[],"class_list":["post-3248","post","type-post","status-publish","format-standard","has-post-thumbnail","hentry","category-actualites"],"_links":{"self":[{"href":"https:\/\/ladepeche.mr\/index.php?rest_route=\/wp\/v2\/posts\/3248","targetHints":{"allow":["GET"]}}],"collection":[{"href":"https:\/\/ladepeche.mr\/index.php?rest_route=\/wp\/v2\/posts"}],"about":[{"href":"https:\/\/ladepeche.mr\/index.php?rest_route=\/wp\/v2\/types\/post"}],"author":[{"embeddable":true,"href":"https:\/\/ladepeche.mr\/index.php?rest_route=\/wp\/v2\/users\/2"}],"replies":[{"embeddable":true,"href":"https:\/\/ladepeche.mr\/index.php?rest_route=%2Fwp%2Fv2%2Fcomments&post=3248"}],"version-history":[{"count":1,"href":"https:\/\/ladepeche.mr\/index.php?rest_route=\/wp\/v2\/posts\/3248\/revisions"}],"predecessor-version":[{"id":3250,"href":"https:\/\/ladepeche.mr\/index.php?rest_route=\/wp\/v2\/posts\/3248\/revisions\/3250"}],"wp:featuredmedia":[{"embeddable":true,"href":"https:\/\/ladepeche.mr\/index.php?rest_route=\/wp\/v2\/media\/3249"}],"wp:attachment":[{"href":"https:\/\/ladepeche.mr\/index.php?rest_route=%2Fwp%2Fv2%2Fmedia&parent=3248"}],"wp:term":[{"taxonomy":"category","embeddable":true,"href":"https:\/\/ladepeche.mr\/index.php?rest_route=%2Fwp%2Fv2%2Fcategories&post=3248"},{"taxonomy":"post_tag","embeddable":true,"href":"https:\/\/ladepeche.mr\/index.php?rest_route=%2Fwp%2Fv2%2Ftags&post=3248"}],"curies":[{"name":"wp","href":"https:\/\/api.w.org\/{rel}","templated":true}]}}