{"id":3254,"date":"2022-12-13T15:02:53","date_gmt":"2022-12-13T15:02:53","guid":{"rendered":"https:\/\/ladepeche.mr\/?p=3254"},"modified":"2022-12-13T15:28:01","modified_gmt":"2022-12-13T15:28:01","slug":"la-dg-du-fmi-loue-les-actions-du-gouvernement-pour-la-maitrise-de-linflation","status":"publish","type":"post","link":"https:\/\/ladepeche.mr\/?p=3254","title":{"rendered":"Rencontre Ghazouani-Fmi \u00e0 Washington: La Dg du FMI loue les actions du gouvernement pour la ma\u00eetrise de l\u2019inflation"},"content":{"rendered":"<p>Dans un tweet diffus\u00e9 \u00e0 l\u2019issue d\u2019une rencontre avec le pr\u00e9sident mauritanien \u00e0 Washington o\u00f9 se tient le sommet Us-Africa, la directrice g\u00e9n\u00e9rale du FMI, K. Giorgieva, a salu\u00e9 l\u2019accord avec le pr\u00e9sident Ghazouani en vue d\u2019un nouveau programme d\u2019aide \u00e0 la Mauritanie visant \u00e0 d\u00e9velopper des politiques mon\u00e9taires et fiscales pour ma\u00eetriser l&#8217;inflation.<br \/>\nElle a, par ailleurs,  promis que le Fmi soutiendra les programmes \u00e9conomiques pr\u00e9sent\u00e9s par le gouvernement mauritanien.<br \/>\n\u00ab\u00a0Nous avons eu une discussion fructueuse sur la mani\u00e8re dont le FMI peut soutenir le renforcement de la r\u00e9silience et l&#8217;action climatique de la Mauritanie\u00a0\u00bb a notamment conclu la directrice g\u00e9n\u00e9rale du FMI qui recevait le pr\u00e9sident Ghazouani en marge du sommet Usa-Afrique, le second du genre depuis 2014.<br \/>\nUn sommet o\u00f9 le pr\u00e9sident am\u00e9ricain, J. Biden, a annonc\u00e9 des financements de 55 milliards pour l\u2019Afrique.<\/p>\n","protected":false},"excerpt":{"rendered":"<p>Dans un tweet diffus\u00e9 \u00e0 l\u2019issue d\u2019une rencontre avec le pr\u00e9sident mauritanien \u00e0 Washington o\u00f9 se tient le sommet Us-Africa, la directrice g\u00e9n\u00e9rale du FMI, K. Giorgieva, a salu\u00e9 l\u2019accord avec le pr\u00e9sident Ghazouani en vue d\u2019un nouveau programme d\u2019aide \u00e0 la Mauritanie visant \u00e0 d\u00e9velopper des politiques mon\u00e9taires et fiscales pour ma\u00eetriser l&#8217;inflation. Elle &hellip;<\/p>\n","protected":false},"author":2,"featured_media":3257,"comment_status":"open","ping_status":"open","sticky":false,"template":"","format":"standard","meta":{"footnotes":""},"categories":[18,2],"tags":[],"class_list":["post-3254","post","type-post","status-publish","format-standard","has-post-thumbnail","hentry","category-actualites","category-economie"],"_links":{"self":[{"href":"https:\/\/ladepeche.mr\/index.php?rest_route=\/wp\/v2\/posts\/3254","targetHints":{"allow":["GET"]}}],"collection":[{"href":"https:\/\/ladepeche.mr\/index.php?rest_route=\/wp\/v2\/posts"}],"about":[{"href":"https:\/\/ladepeche.mr\/index.php?rest_route=\/wp\/v2\/types\/post"}],"author":[{"embeddable":true,"href":"https:\/\/ladepeche.mr\/index.php?rest_route=\/wp\/v2\/users\/2"}],"replies":[{"embeddable":true,"href":"https:\/\/ladepeche.mr\/index.php?rest_route=%2Fwp%2Fv2%2Fcomments&post=3254"}],"version-history":[{"count":5,"href":"https:\/\/ladepeche.mr\/index.php?rest_route=\/wp\/v2\/posts\/3254\/revisions"}],"predecessor-version":[{"id":3260,"href":"https:\/\/ladepeche.mr\/index.php?rest_route=\/wp\/v2\/posts\/3254\/revisions\/3260"}],"wp:featuredmedia":[{"embeddable":true,"href":"https:\/\/ladepeche.mr\/index.php?rest_route=\/wp\/v2\/media\/3257"}],"wp:attachment":[{"href":"https:\/\/ladepeche.mr\/index.php?rest_route=%2Fwp%2Fv2%2Fmedia&parent=3254"}],"wp:term":[{"taxonomy":"category","embeddable":true,"href":"https:\/\/ladepeche.mr\/index.php?rest_route=%2Fwp%2Fv2%2Fcategories&post=3254"},{"taxonomy":"post_tag","embeddable":true,"href":"https:\/\/ladepeche.mr\/index.php?rest_route=%2Fwp%2Fv2%2Ftags&post=3254"}],"curies":[{"name":"wp","href":"https:\/\/api.w.org\/{rel}","templated":true}]}}