{"id":3283,"date":"2022-12-17T11:18:33","date_gmt":"2022-12-17T11:18:33","guid":{"rendered":"https:\/\/ladepeche.mr\/?p=3283"},"modified":"2022-12-17T11:23:04","modified_gmt":"2022-12-17T11:23:04","slug":"necrologie-ahmed-ould-hamza-nest-plus","status":"publish","type":"post","link":"https:\/\/ladepeche.mr\/?p=3283","title":{"rendered":"N\u00e9crologie : Ahmed Ould Hamza n\u2019est plus"},"content":{"rendered":"<p>Ancien pr\u00e9sident de la Communaut\u00e9 Urbaine de Nouakchott, ex-membre du bureau politique du RFD, homme d\u2019affaires, Ahmed Ould Hamza est d\u00e9c\u00e9d\u00e9 ce matin des suites d&#8217;une maladie qui le terrassait depuis quelques jours.<br \/>\nSon d\u00e9c\u00e8s affecte beaucoup de ses contemporains mais aussi et surtout la jeunesse mauritanienne qui y voyait un homme d\u2019affaires et un politique propre et int\u00e8gre comme il y en a si peu de nos jours.<br \/>\nDans sa vie qu\u2019il a consacr\u00e9e \u00e0 faire rayonner, du mieux qu\u2019il a pu, son pays, Ahmed Ould Hamza n\u2019a malheureusement pas toujours eu la reconnaissance qui lui \u00e9tait due.<br \/>\nIl a connu ces derni\u00e8res ann\u00e9es, une travers\u00e9e du d\u00e9sert indissociable de sa jalousie de garder son ind\u00e9pendance et de pr\u00e9server ses relations humaines. Il a en \u00ab pay\u00e9 le prix\u00bb humainement et \u00e9conomiquement. Mais Ahmed Ould Hamza n\u2019\u00e9tait pas de ceux qui r\u00e9pondait au coup de poignard dans le dos. Il a su rester lui-m\u00eame : un homme affable, franc, loyal et correct. Une le\u00e7on de ce qu\u2019\u00e9tait sa vie sur terre. Qu\u2019Allah l\u2019Accueille En Son Saint Paradis. Amin.<\/p>\n","protected":false},"excerpt":{"rendered":"<p>Ancien pr\u00e9sident de la Communaut\u00e9 Urbaine de Nouakchott, ex-membre du bureau politique du RFD, homme d\u2019affaires, Ahmed Ould Hamza est d\u00e9c\u00e9d\u00e9 ce matin des suites d&#8217;une maladie qui le terrassait depuis quelques jours. Son d\u00e9c\u00e8s affecte beaucoup de ses contemporains mais aussi et surtout la jeunesse mauritanienne qui y voyait un homme d\u2019affaires et un &hellip;<\/p>\n","protected":false},"author":2,"featured_media":3286,"comment_status":"open","ping_status":"open","sticky":false,"template":"","format":"standard","meta":{"footnotes":""},"categories":[18],"tags":[],"class_list":["post-3283","post","type-post","status-publish","format-standard","has-post-thumbnail","hentry","category-actualites"],"_links":{"self":[{"href":"https:\/\/ladepeche.mr\/index.php?rest_route=\/wp\/v2\/posts\/3283","targetHints":{"allow":["GET"]}}],"collection":[{"href":"https:\/\/ladepeche.mr\/index.php?rest_route=\/wp\/v2\/posts"}],"about":[{"href":"https:\/\/ladepeche.mr\/index.php?rest_route=\/wp\/v2\/types\/post"}],"author":[{"embeddable":true,"href":"https:\/\/ladepeche.mr\/index.php?rest_route=\/wp\/v2\/users\/2"}],"replies":[{"embeddable":true,"href":"https:\/\/ladepeche.mr\/index.php?rest_route=%2Fwp%2Fv2%2Fcomments&post=3283"}],"version-history":[{"count":1,"href":"https:\/\/ladepeche.mr\/index.php?rest_route=\/wp\/v2\/posts\/3283\/revisions"}],"predecessor-version":[{"id":3285,"href":"https:\/\/ladepeche.mr\/index.php?rest_route=\/wp\/v2\/posts\/3283\/revisions\/3285"}],"wp:featuredmedia":[{"embeddable":true,"href":"https:\/\/ladepeche.mr\/index.php?rest_route=\/wp\/v2\/media\/3286"}],"wp:attachment":[{"href":"https:\/\/ladepeche.mr\/index.php?rest_route=%2Fwp%2Fv2%2Fmedia&parent=3283"}],"wp:term":[{"taxonomy":"category","embeddable":true,"href":"https:\/\/ladepeche.mr\/index.php?rest_route=%2Fwp%2Fv2%2Fcategories&post=3283"},{"taxonomy":"post_tag","embeddable":true,"href":"https:\/\/ladepeche.mr\/index.php?rest_route=%2Fwp%2Fv2%2Ftags&post=3283"}],"curies":[{"name":"wp","href":"https:\/\/api.w.org\/{rel}","templated":true}]}}