{"id":3290,"date":"2022-12-17T12:01:06","date_gmt":"2022-12-17T12:01:06","guid":{"rendered":"https:\/\/ladepeche.mr\/?p=3290"},"modified":"2022-12-17T12:31:16","modified_gmt":"2022-12-17T12:31:16","slug":"politique-cheikh-el-avia-mohamed-khouna-preside-une-reunion-pour-mobiliser-en-vue-des-prochaines-elections","status":"publish","type":"post","link":"https:\/\/ladepeche.mr\/?p=3290","title":{"rendered":"Politique : Cheikh EL Avia mobilise les \u00e9lecteurs en vue des prochaines consultations"},"content":{"rendered":"<p>L\u2019ancien premier Ministre, Cheikh El Avia Ould Mohamed Khouna, est sorti de son mutisme politique pour exprimer son soutien politique entier au pr\u00e9sident Mohamed Ould Cheikh El Ghazouani et son projet pour la Mauritanie.<br \/>\nL\u2019ancien premier Ministre qui s\u2019exprimait au cours d\u2019une r\u00e9union de cadres des moughata de Amourj et Adel Baghrou, dans le Hodh Charghi, dont il assure le leadership a appel\u00e9 \u00e0 une grande mobilisation et une bonne pr\u00e9paration des consultations \u00e9lectorales en vue d\u2019assurer le succ\u00e8s des candidats du parti \u00ab Insaf \u00bb dans lequel ce groupe politique inscrit son action.<\/p>\n","protected":false},"excerpt":{"rendered":"<p>L\u2019ancien premier Ministre, Cheikh El Avia Ould Mohamed Khouna, est sorti de son mutisme politique pour exprimer son soutien politique entier au pr\u00e9sident Mohamed Ould Cheikh El Ghazouani et son projet pour la Mauritanie. L\u2019ancien premier Ministre qui s\u2019exprimait au cours d\u2019une r\u00e9union de cadres des moughata de Amourj et Adel Baghrou, dans le Hodh &hellip;<\/p>\n","protected":false},"author":2,"featured_media":3292,"comment_status":"open","ping_status":"open","sticky":false,"template":"","format":"standard","meta":{"footnotes":""},"categories":[18,25],"tags":[],"class_list":["post-3290","post","type-post","status-publish","format-standard","has-post-thumbnail","hentry","category-actualites","category-en-forme"],"_links":{"self":[{"href":"https:\/\/ladepeche.mr\/index.php?rest_route=\/wp\/v2\/posts\/3290","targetHints":{"allow":["GET"]}}],"collection":[{"href":"https:\/\/ladepeche.mr\/index.php?rest_route=\/wp\/v2\/posts"}],"about":[{"href":"https:\/\/ladepeche.mr\/index.php?rest_route=\/wp\/v2\/types\/post"}],"author":[{"embeddable":true,"href":"https:\/\/ladepeche.mr\/index.php?rest_route=\/wp\/v2\/users\/2"}],"replies":[{"embeddable":true,"href":"https:\/\/ladepeche.mr\/index.php?rest_route=%2Fwp%2Fv2%2Fcomments&post=3290"}],"version-history":[{"count":2,"href":"https:\/\/ladepeche.mr\/index.php?rest_route=\/wp\/v2\/posts\/3290\/revisions"}],"predecessor-version":[{"id":3294,"href":"https:\/\/ladepeche.mr\/index.php?rest_route=\/wp\/v2\/posts\/3290\/revisions\/3294"}],"wp:featuredmedia":[{"embeddable":true,"href":"https:\/\/ladepeche.mr\/index.php?rest_route=\/wp\/v2\/media\/3292"}],"wp:attachment":[{"href":"https:\/\/ladepeche.mr\/index.php?rest_route=%2Fwp%2Fv2%2Fmedia&parent=3290"}],"wp:term":[{"taxonomy":"category","embeddable":true,"href":"https:\/\/ladepeche.mr\/index.php?rest_route=%2Fwp%2Fv2%2Fcategories&post=3290"},{"taxonomy":"post_tag","embeddable":true,"href":"https:\/\/ladepeche.mr\/index.php?rest_route=%2Fwp%2Fv2%2Ftags&post=3290"}],"curies":[{"name":"wp","href":"https:\/\/api.w.org\/{rel}","templated":true}]}}