{"id":3301,"date":"2022-12-17T18:10:08","date_gmt":"2022-12-17T18:10:08","guid":{"rendered":"https:\/\/ladepeche.mr\/?p=3301"},"modified":"2022-12-17T18:11:03","modified_gmt":"2022-12-17T18:11:03","slug":"mali-deux-policiers-de-la-mission-de-lonu-tues-dans-une-attaque-minusma","status":"publish","type":"post","link":"https:\/\/ladepeche.mr\/?p=3301","title":{"rendered":"Mali : deux policiers de la mission de l&#8217;ONU tu\u00e9s dans une attaque (Minusma)"},"content":{"rendered":"<p> Une patrouille de l&#8217;UNPOL, la police des Nations unies, a \u00e9t\u00e9 attaqu\u00e9e ce vendredi 16 d\u00e9cembre \u00e0 Tombouctou, a annonc\u00e9 la Mission des Nations unies au Mali (Minusma).<\/p>\n<p>\u00ab Deux de nos policiers dont une femme ont perdu la vie et 4 autres ont \u00e9t\u00e9 bless\u00e9s dont 1 gri\u00e8vement. Ferme condamnation de cet acte \u00bb, a \u00e9crit La Minusma sur son compte Twitter. <\/p>\n<p>El-Ghassim Wane, repr\u00e9sentant sp\u00e9cial du secr\u00e9taire g\u00e9n\u00e9ral de l&#8217;ONU pour le Mali s&#8217;est dit \u00ab profond\u00e9ment choqu\u00e9 \u00bb par cette attaque, men\u00e9e \u00ab par 1 individu arm\u00e9 non identifi\u00e9 \u00bb.<\/p>\n<p>\u00ab Je condamne cet acte odieux et souhaite un prompt r\u00e9tablissement aux 4 autres casques bleus bless\u00e9s. \u00bb a \u00e9crit sur Twitter El-Ghassim Wane.<br \/>\nRfi via cridem<\/p>\n","protected":false},"excerpt":{"rendered":"<p>Une patrouille de l&#8217;UNPOL, la police des Nations unies, a \u00e9t\u00e9 attaqu\u00e9e ce vendredi 16 d\u00e9cembre \u00e0 Tombouctou, a annonc\u00e9 la Mission des Nations unies au Mali (Minusma). \u00ab Deux de nos policiers dont une femme ont perdu la vie et 4 autres ont \u00e9t\u00e9 bless\u00e9s dont 1 gri\u00e8vement. Ferme condamnation de cet acte \u00bb, &hellip;<\/p>\n","protected":false},"author":2,"featured_media":3302,"comment_status":"open","ping_status":"open","sticky":false,"template":"","format":"standard","meta":{"footnotes":""},"categories":[18,28],"tags":[],"class_list":["post-3301","post","type-post","status-publish","format-standard","has-post-thumbnail","hentry","category-actualites","category-sahel"],"_links":{"self":[{"href":"https:\/\/ladepeche.mr\/index.php?rest_route=\/wp\/v2\/posts\/3301","targetHints":{"allow":["GET"]}}],"collection":[{"href":"https:\/\/ladepeche.mr\/index.php?rest_route=\/wp\/v2\/posts"}],"about":[{"href":"https:\/\/ladepeche.mr\/index.php?rest_route=\/wp\/v2\/types\/post"}],"author":[{"embeddable":true,"href":"https:\/\/ladepeche.mr\/index.php?rest_route=\/wp\/v2\/users\/2"}],"replies":[{"embeddable":true,"href":"https:\/\/ladepeche.mr\/index.php?rest_route=%2Fwp%2Fv2%2Fcomments&post=3301"}],"version-history":[{"count":1,"href":"https:\/\/ladepeche.mr\/index.php?rest_route=\/wp\/v2\/posts\/3301\/revisions"}],"predecessor-version":[{"id":3303,"href":"https:\/\/ladepeche.mr\/index.php?rest_route=\/wp\/v2\/posts\/3301\/revisions\/3303"}],"wp:featuredmedia":[{"embeddable":true,"href":"https:\/\/ladepeche.mr\/index.php?rest_route=\/wp\/v2\/media\/3302"}],"wp:attachment":[{"href":"https:\/\/ladepeche.mr\/index.php?rest_route=%2Fwp%2Fv2%2Fmedia&parent=3301"}],"wp:term":[{"taxonomy":"category","embeddable":true,"href":"https:\/\/ladepeche.mr\/index.php?rest_route=%2Fwp%2Fv2%2Fcategories&post=3301"},{"taxonomy":"post_tag","embeddable":true,"href":"https:\/\/ladepeche.mr\/index.php?rest_route=%2Fwp%2Fv2%2Ftags&post=3301"}],"curies":[{"name":"wp","href":"https:\/\/api.w.org\/{rel}","templated":true}]}}