{"id":3310,"date":"2022-12-18T09:58:45","date_gmt":"2022-12-18T09:58:45","guid":{"rendered":"https:\/\/ladepeche.mr\/?p=3310"},"modified":"2022-12-18T09:58:45","modified_gmt":"2022-12-18T09:58:45","slug":"lunion-des-litteraires-et-des-ecrivains-mauritaniens-organise-un-colloque-pour-commemorer-la-journee-mondiale-de-la-langue-arabe","status":"publish","type":"post","link":"https:\/\/ladepeche.mr\/?p=3310","title":{"rendered":"L\u2019Union des litt\u00e9raires et des \u00e9crivains mauritaniens organise un colloque pour comm\u00e9morer la journ\u00e9e mondiale de la langue arabe"},"content":{"rendered":"<p>L\u2019Union des litt\u00e9raires et des \u00e9crivains mauritaniens a organis\u00e9, samedi matin \u00e0 Nouakchott, un colloque litt\u00e9raire dans le cadre de son programme \u201cla tente de la litt\u00e9rature\u201d, et ce pour comm\u00e9morer la journ\u00e9e mondiale de la langue arabe.<\/p>\n<p>Dans un mot prononc\u00e9 pour la circonstance, le pr\u00e9sident de l\u2019Union des litt\u00e9raires et \u00e9crivains mauritaniens, M. El khalil Enahoui, a indiqu\u00e9 que cette activit\u00e9 qui a accus\u00e9 un retard, \u00e0 cause de conditions contraignantes, a pour but de c\u00e9l\u00e9brer la journ\u00e9e mondiale de la langue arabe.<\/p>\n<p>Il a ajout\u00e9 que le th\u00e8me de \u201cEl M\u00e9dih Eneb\u00e9oui\u201d a \u00e9t\u00e9 choisi pour le colloque, eu \u00e9gard \u00e0 l\u2019importance qui lui est accord\u00e9e par tous, avant de rendre hommage au conf\u00e9rencier, M. Mohamed Vall ould Abdelatif.<\/p>\n<p>Le conf\u00e9rencier a parl\u00e9 dans sa conf\u00e9rence des textes d\u2019El Medih dans les po\u00e8mes de Maouloud Ould Ahmed Lejouad, s\u2019attardant sur les principales caract\u00e9ristiques qui ont marqu\u00e9 ces po\u00e8mes.<\/p>\n<p>Il a pr\u00e9cis\u00e9 que ce po\u00e8te a son style particulier dans le \u201cMedih\u201d, ce qu\u2019il r\u00e9v\u00e9l\u00e9 \u00e0 travers la lecture de certains de ces po\u00e8mes.<\/p>\n<p>Le colloque a \u00e9t\u00e9 l\u2019occasion de primer des conf\u00e9renciers et des po\u00e8tes.<br \/>\nAmi<\/p>\n","protected":false},"excerpt":{"rendered":"<p>L\u2019Union des litt\u00e9raires et des \u00e9crivains mauritaniens a organis\u00e9, samedi matin \u00e0 Nouakchott, un colloque litt\u00e9raire dans le cadre de son programme \u201cla tente de la litt\u00e9rature\u201d, et ce pour comm\u00e9morer la journ\u00e9e mondiale de la langue arabe. Dans un mot prononc\u00e9 pour la circonstance, le pr\u00e9sident de l\u2019Union des litt\u00e9raires et \u00e9crivains mauritaniens, M. &hellip;<\/p>\n","protected":false},"author":2,"featured_media":3311,"comment_status":"open","ping_status":"open","sticky":false,"template":"","format":"standard","meta":{"footnotes":""},"categories":[15],"tags":[],"class_list":["post-3310","post","type-post","status-publish","format-standard","has-post-thumbnail","hentry","category-culture"],"_links":{"self":[{"href":"https:\/\/ladepeche.mr\/index.php?rest_route=\/wp\/v2\/posts\/3310","targetHints":{"allow":["GET"]}}],"collection":[{"href":"https:\/\/ladepeche.mr\/index.php?rest_route=\/wp\/v2\/posts"}],"about":[{"href":"https:\/\/ladepeche.mr\/index.php?rest_route=\/wp\/v2\/types\/post"}],"author":[{"embeddable":true,"href":"https:\/\/ladepeche.mr\/index.php?rest_route=\/wp\/v2\/users\/2"}],"replies":[{"embeddable":true,"href":"https:\/\/ladepeche.mr\/index.php?rest_route=%2Fwp%2Fv2%2Fcomments&post=3310"}],"version-history":[{"count":1,"href":"https:\/\/ladepeche.mr\/index.php?rest_route=\/wp\/v2\/posts\/3310\/revisions"}],"predecessor-version":[{"id":3312,"href":"https:\/\/ladepeche.mr\/index.php?rest_route=\/wp\/v2\/posts\/3310\/revisions\/3312"}],"wp:featuredmedia":[{"embeddable":true,"href":"https:\/\/ladepeche.mr\/index.php?rest_route=\/wp\/v2\/media\/3311"}],"wp:attachment":[{"href":"https:\/\/ladepeche.mr\/index.php?rest_route=%2Fwp%2Fv2%2Fmedia&parent=3310"}],"wp:term":[{"taxonomy":"category","embeddable":true,"href":"https:\/\/ladepeche.mr\/index.php?rest_route=%2Fwp%2Fv2%2Fcategories&post=3310"},{"taxonomy":"post_tag","embeddable":true,"href":"https:\/\/ladepeche.mr\/index.php?rest_route=%2Fwp%2Fv2%2Ftags&post=3310"}],"curies":[{"name":"wp","href":"https:\/\/api.w.org\/{rel}","templated":true}]}}