{"id":3318,"date":"2022-12-18T11:54:37","date_gmt":"2022-12-18T11:54:37","guid":{"rendered":"https:\/\/ladepeche.mr\/?p=3318"},"modified":"2022-12-18T11:54:37","modified_gmt":"2022-12-18T11:54:37","slug":"bilan-2022-sur-la-presse-de-rfs-aucune-nouvelle-recente-de-ishak-mokhtar","status":"publish","type":"post","link":"https:\/\/ladepeche.mr\/?p=3318","title":{"rendered":"Bilan 2022 sur la presse de RFS : \u00abAucune nouvelle r\u00e9cente\u00bb de Ishak Mokhtar"},"content":{"rendered":"<p>Depuis la derni\u00e8re fois qu\u2019il aurait aper\u00e7u en 2016, dans la province de Raqqa, 3 ans apr\u00e8s son enl\u00e8vement, \u00ab Aucune nouvelle r\u00e9cente \u00bb de notre compatriote Ishak Mokhtar, note le dernier bilan de d\u00e9cembre 2022 \u00e9tabli par Reporters Sans Fronti\u00e8res (RSF) sur les journalistes d\u00e9tenus, tu\u00e9s, otages et disparus dans le monde.<br \/>\nIshaq Mokhtar enlev\u00e9 en m\u00eame temps que le cam\u00e9raman libanais Samir Kassab, qui travaillait avec lui pour la cha\u00eene Sky News Arabia, fait partie d\u2019une longue liste de journalistes consid\u00e9r\u00e9s comme des otages parce que semblant pas \u00eatre entre les mains d\u2019entit\u00e9s \u00e9tatiques. Pour son cas, notre compatriote est soup\u00e7onn\u00e9 \u00eatre otage de l\u2019Etat Islamique en Syrie.<br \/>\nIls seraient, en effet, 65 journalistes et collaborateurs de m\u00e9dias au moins sont actuellement retenus en otages dans le monde, souligne le rapport RSF. Sauf le fran\u00e7ais Olivier Dubois enlev\u00e9 au Mali, tous les autres otages auraient \u00e9t\u00e9 kidnapp\u00e9s au Moyen-Orient.<br \/>\nLe rapport de RSF fait montre dans sa derni\u00e8re version annuelle que les sujets les plus risqu\u00e9s \u00e0 couvrir par ordre de danger sont les Zone de conflits, le crime organis\u00e9, la corruption, les manifestations et les \u00e9v\u00e9nements et m\u00eame les enqu\u00eates sur l\u2019environnement (occupations ill\u00e9gales de terre, par exemple&#8230;)<\/p>\n","protected":false},"excerpt":{"rendered":"<p>Depuis la derni\u00e8re fois qu\u2019il aurait aper\u00e7u en 2016, dans la province de Raqqa, 3 ans apr\u00e8s son enl\u00e8vement, \u00ab Aucune nouvelle r\u00e9cente \u00bb de notre compatriote Ishak Mokhtar, note le dernier bilan de d\u00e9cembre 2022 \u00e9tabli par Reporters Sans Fronti\u00e8res (RSF) sur les journalistes d\u00e9tenus, tu\u00e9s, otages et disparus dans le monde. Ishaq Mokhtar &hellip;<\/p>\n","protected":false},"author":2,"featured_media":3319,"comment_status":"open","ping_status":"open","sticky":false,"template":"","format":"standard","meta":{"footnotes":""},"categories":[18,15,29],"tags":[],"class_list":["post-3318","post","type-post","status-publish","format-standard","has-post-thumbnail","hentry","category-actualites","category-culture","category-monde"],"_links":{"self":[{"href":"https:\/\/ladepeche.mr\/index.php?rest_route=\/wp\/v2\/posts\/3318","targetHints":{"allow":["GET"]}}],"collection":[{"href":"https:\/\/ladepeche.mr\/index.php?rest_route=\/wp\/v2\/posts"}],"about":[{"href":"https:\/\/ladepeche.mr\/index.php?rest_route=\/wp\/v2\/types\/post"}],"author":[{"embeddable":true,"href":"https:\/\/ladepeche.mr\/index.php?rest_route=\/wp\/v2\/users\/2"}],"replies":[{"embeddable":true,"href":"https:\/\/ladepeche.mr\/index.php?rest_route=%2Fwp%2Fv2%2Fcomments&post=3318"}],"version-history":[{"count":1,"href":"https:\/\/ladepeche.mr\/index.php?rest_route=\/wp\/v2\/posts\/3318\/revisions"}],"predecessor-version":[{"id":3320,"href":"https:\/\/ladepeche.mr\/index.php?rest_route=\/wp\/v2\/posts\/3318\/revisions\/3320"}],"wp:featuredmedia":[{"embeddable":true,"href":"https:\/\/ladepeche.mr\/index.php?rest_route=\/wp\/v2\/media\/3319"}],"wp:attachment":[{"href":"https:\/\/ladepeche.mr\/index.php?rest_route=%2Fwp%2Fv2%2Fmedia&parent=3318"}],"wp:term":[{"taxonomy":"category","embeddable":true,"href":"https:\/\/ladepeche.mr\/index.php?rest_route=%2Fwp%2Fv2%2Fcategories&post=3318"},{"taxonomy":"post_tag","embeddable":true,"href":"https:\/\/ladepeche.mr\/index.php?rest_route=%2Fwp%2Fv2%2Ftags&post=3318"}],"curies":[{"name":"wp","href":"https:\/\/api.w.org\/{rel}","templated":true}]}}