{"id":3343,"date":"2022-12-19T23:06:32","date_gmt":"2022-12-19T23:06:32","guid":{"rendered":"https:\/\/ladepeche.mr\/?p=3343"},"modified":"2022-12-19T23:06:32","modified_gmt":"2022-12-19T23:06:32","slug":"le-president-de-lassemblee-nationale-effectue-des-entretiens-avec-le-president-la-chambre-des-representants-du-royaume-du-maroc","status":"publish","type":"post","link":"https:\/\/ladepeche.mr\/?p=3343","title":{"rendered":"Le pr\u00e9sident de l\u2019Assembl\u00e9e nationale effectue des entretiens avec le pr\u00e9sident la Chambre des Repr\u00e9sentants du Royaume du Maroc"},"content":{"rendered":"<p>Le pr\u00e9sident de l\u2019Assembl\u00e9e nationale, M. Cheikh Ould Baya, a eu des entretiens, dimanche soir \u00e0 l\u2019a\u00e9roport de Rabat-Sala, avec le pr\u00e9sident du chambre des Repr\u00e9sentants du Royaume du Maroc, M. M. Rachid Talbi El Alami.<\/p>\n<p>La rencontre a port\u00e9 sur la coop\u00e9ration mauritano-marocaine, notamment dans le domaine parlementaire et les moyens de la renforcer, ainsi que sur des questions d\u2019int\u00e9r\u00eat commun.<\/p>\n<p>Elle intervient au d\u00e9but de la visite de travail du pr\u00e9sident de l\u2019Assembl\u00e9e nationale au Royaume du Maroc, \u00e0 la t\u00eate d\u2019une d\u00e9l\u00e9gation parlementaire de haut niveau.<\/p>\n<p>A l\u2019a\u00e9roport de Rabat-Sala, M. Baya a \u00e9t\u00e9 accueilli par une importante d\u00e9l\u00e9gation, conduite par M. El Alami.<br \/>\nAmi<\/p>\n","protected":false},"excerpt":{"rendered":"<p>Le pr\u00e9sident de l\u2019Assembl\u00e9e nationale, M. Cheikh Ould Baya, a eu des entretiens, dimanche soir \u00e0 l\u2019a\u00e9roport de Rabat-Sala, avec le pr\u00e9sident du chambre des Repr\u00e9sentants du Royaume du Maroc, M. M. Rachid Talbi El Alami. La rencontre a port\u00e9 sur la coop\u00e9ration mauritano-marocaine, notamment dans le domaine parlementaire et les moyens de la renforcer, &hellip;<\/p>\n","protected":false},"author":2,"featured_media":3344,"comment_status":"open","ping_status":"open","sticky":false,"template":"","format":"standard","meta":{"footnotes":""},"categories":[18,29],"tags":[],"class_list":["post-3343","post","type-post","status-publish","format-standard","has-post-thumbnail","hentry","category-actualites","category-monde"],"_links":{"self":[{"href":"https:\/\/ladepeche.mr\/index.php?rest_route=\/wp\/v2\/posts\/3343","targetHints":{"allow":["GET"]}}],"collection":[{"href":"https:\/\/ladepeche.mr\/index.php?rest_route=\/wp\/v2\/posts"}],"about":[{"href":"https:\/\/ladepeche.mr\/index.php?rest_route=\/wp\/v2\/types\/post"}],"author":[{"embeddable":true,"href":"https:\/\/ladepeche.mr\/index.php?rest_route=\/wp\/v2\/users\/2"}],"replies":[{"embeddable":true,"href":"https:\/\/ladepeche.mr\/index.php?rest_route=%2Fwp%2Fv2%2Fcomments&post=3343"}],"version-history":[{"count":1,"href":"https:\/\/ladepeche.mr\/index.php?rest_route=\/wp\/v2\/posts\/3343\/revisions"}],"predecessor-version":[{"id":3345,"href":"https:\/\/ladepeche.mr\/index.php?rest_route=\/wp\/v2\/posts\/3343\/revisions\/3345"}],"wp:featuredmedia":[{"embeddable":true,"href":"https:\/\/ladepeche.mr\/index.php?rest_route=\/wp\/v2\/media\/3344"}],"wp:attachment":[{"href":"https:\/\/ladepeche.mr\/index.php?rest_route=%2Fwp%2Fv2%2Fmedia&parent=3343"}],"wp:term":[{"taxonomy":"category","embeddable":true,"href":"https:\/\/ladepeche.mr\/index.php?rest_route=%2Fwp%2Fv2%2Fcategories&post=3343"},{"taxonomy":"post_tag","embeddable":true,"href":"https:\/\/ladepeche.mr\/index.php?rest_route=%2Fwp%2Fv2%2Ftags&post=3343"}],"curies":[{"name":"wp","href":"https:\/\/api.w.org\/{rel}","templated":true}]}}