{"id":3346,"date":"2022-12-20T11:48:25","date_gmt":"2022-12-20T11:48:25","guid":{"rendered":"https:\/\/ladepeche.mr\/?p=3346"},"modified":"2022-12-20T11:48:25","modified_gmt":"2022-12-20T11:48:25","slug":"le-collectif-charge-de-la-defense-de-lancien-president-mohamed-ould-abdel-aziz-communique","status":"publish","type":"post","link":"https:\/\/ladepeche.mr\/?p=3346","title":{"rendered":"Le collectif charg\u00e9 de la d\u00e9fense de l\u2019ancien pr\u00e9sident Mohamed ould Abdel Aziz : communiqu\u00e9"},"content":{"rendered":"<p>De la consternation ! <\/p>\n<p>C\u2019est le sentiment qui nous a envahi \u00e0 la lecture de l\u2019arr\u00eat de la chambre p\u00e9nale de la Cour Supr\u00eame, rejetant en violation de la loi et en toute ill\u00e9galit\u00e9, le pourvoi en cassation de l\u2019ancien pr\u00e9sident contre son renvoi devant la juridiction de jugement.<\/p>\n<p>En toute ill\u00e9galit\u00e9, car l\u2019arr\u00eat de la Cour Supr\u00eame viole la constitution, et les lois de la r\u00e9publique islamique de Mauritanie ; il est \u00e9trange dans sa structure et ses motivations, ainsi que dans sa r\u00e9daction ; autant de raisons qui m\u00e9ritent \u00e0 nos yeux d\u2019interpeller l\u2019opinion nationale et internationale sur ce qui suit :<\/p>\n<p>1) Cet arr\u00eat est intervenu peu apr\u00e8s la d\u00e9claration de notre client d\u2019exercer ses droits politiques comme opposant, dans le respect de la constitution et des lois de la r\u00e9publique ; ledit arr\u00eat n\u2019est en rien motiv\u00e9 par une quelconque acquisition ou possession par l\u2019ancien pr\u00e9sident de biens illicites ; il est intervenu apr\u00e8s que le dossier ait \u00e9t\u00e9 consid\u00e9r\u00e9 comme enterr\u00e9 aussi bien sur le plan factuel, que juridique et l\u00e9gal.<\/p>\n<p>2)Cet arr\u00eat viole les articles 4, 13, 89 , 90, 91, 93 de la constitution mauritanienne ainsi que le d\u00e9cret n\u00b017\/2017 portant cr\u00e9ation des p\u00f4les charg\u00e9s de la lutte contre la corruption, ensemble celui du parquet que celui de l\u2019instruction ; il viole \u00e9galement toutes les r\u00e8gles de proc\u00e9dure applicables par notre code , aussi bien celles \u00e9dict\u00e9s \u00e0 titre pr\u00e9liminaire, que les articles 123, 138, 173,174, 175 \u2026etc ; il valide plusieurs pratiques dangereuses qui remettent en cause tout le corpus juridique de la Mauritanie, que sont :<\/p>\n<p>-L\u2019alignement du juge assis aux r\u00e9quisitions du parquet, consid\u00e9r\u00e9es comme l\u2019incarnation de la loi, en violation de la s\u00e9paration des organes d\u2019accusation et d\u2019instruction, outre l\u2019alt\u00e9ration des faits et le dol, le d\u00e9faut de discussion des moyens des parties.<\/p>\n<p>-Cet arr\u00eat, bien qu\u2019\u00e9manant de la plus haute juridiction du pays, qualifie de conforme \u00e0 la loi des d\u00e9cisions manifestement ill\u00e9gales , les juges s\u2019y \u00e9rigeant en l\u00e9gislateurs; faisant fi de la loi et privil\u00e9giant leurs opinions sur les textes tels que vot\u00e9s par l\u2019assembl\u00e9e nationale et publi\u00e9s dans le journal officiel.<\/p>\n<p>-Dans ces conditions, il n\u2019existe aucun espoir que notre client puisse b\u00e9n\u00e9ficier d\u2019un proc\u00e8s \u00e9quitable, au vu de l\u2019absence de toute garantie \u00e0 cet effet, du fait m\u00eame de l\u2019accumulation des violations intervenues au fil de la proc\u00e9dure, et l\u2019alignement absolu des juges assis aux ordres du parquet.<\/p>\n<p>4) L\u2019exploitation de la justice \u00e0 des fins politiques, la violation flagrante et continue de la loi, ainsi que celle des r\u00e8gles du proc\u00e8s \u00e9quitable, ne constituent pas seulement des menaces \u00e0 la qui\u00e9tude publique, au d\u00e9veloppement \u00e9conomique, et \u00e0 la fortification de l\u2019Etat de Droit ; elles menacent \u00e9galement dans leurs biens, leur vie et leur libert\u00e9, les justiciables comme le feraient les coupeurs de route dans une contr\u00e9e o\u00f9 seule la loi du plus fort est la meilleure. <\/p>\n<p>Le Collectif.<\/p>\n<p>Nouakchott le 19\/12\/2022<\/p>\n","protected":false},"excerpt":{"rendered":"<p>De la consternation ! C\u2019est le sentiment qui nous a envahi \u00e0 la lecture de l\u2019arr\u00eat de la chambre p\u00e9nale de la Cour Supr\u00eame, rejetant en violation de la loi et en toute ill\u00e9galit\u00e9, le pourvoi en cassation de l\u2019ancien pr\u00e9sident contre son renvoi devant la juridiction de jugement. En toute ill\u00e9galit\u00e9, car l\u2019arr\u00eat de &hellip;<\/p>\n","protected":false},"author":2,"featured_media":3347,"comment_status":"open","ping_status":"open","sticky":false,"template":"","format":"standard","meta":{"footnotes":""},"categories":[18,19],"tags":[],"class_list":["post-3346","post","type-post","status-publish","format-standard","has-post-thumbnail","hentry","category-actualites","category-tribune"],"_links":{"self":[{"href":"https:\/\/ladepeche.mr\/index.php?rest_route=\/wp\/v2\/posts\/3346","targetHints":{"allow":["GET"]}}],"collection":[{"href":"https:\/\/ladepeche.mr\/index.php?rest_route=\/wp\/v2\/posts"}],"about":[{"href":"https:\/\/ladepeche.mr\/index.php?rest_route=\/wp\/v2\/types\/post"}],"author":[{"embeddable":true,"href":"https:\/\/ladepeche.mr\/index.php?rest_route=\/wp\/v2\/users\/2"}],"replies":[{"embeddable":true,"href":"https:\/\/ladepeche.mr\/index.php?rest_route=%2Fwp%2Fv2%2Fcomments&post=3346"}],"version-history":[{"count":1,"href":"https:\/\/ladepeche.mr\/index.php?rest_route=\/wp\/v2\/posts\/3346\/revisions"}],"predecessor-version":[{"id":3348,"href":"https:\/\/ladepeche.mr\/index.php?rest_route=\/wp\/v2\/posts\/3346\/revisions\/3348"}],"wp:featuredmedia":[{"embeddable":true,"href":"https:\/\/ladepeche.mr\/index.php?rest_route=\/wp\/v2\/media\/3347"}],"wp:attachment":[{"href":"https:\/\/ladepeche.mr\/index.php?rest_route=%2Fwp%2Fv2%2Fmedia&parent=3346"}],"wp:term":[{"taxonomy":"category","embeddable":true,"href":"https:\/\/ladepeche.mr\/index.php?rest_route=%2Fwp%2Fv2%2Fcategories&post=3346"},{"taxonomy":"post_tag","embeddable":true,"href":"https:\/\/ladepeche.mr\/index.php?rest_route=%2Fwp%2Fv2%2Ftags&post=3346"}],"curies":[{"name":"wp","href":"https:\/\/api.w.org\/{rel}","templated":true}]}}