{"id":3353,"date":"2022-12-20T13:05:07","date_gmt":"2022-12-20T13:05:07","guid":{"rendered":"https:\/\/ladepeche.mr\/?p=3353"},"modified":"2022-12-20T13:05:07","modified_gmt":"2022-12-20T13:05:07","slug":"rapport-accablant-dune-ong-sur-la-migration-plus-de-7-milles-morts-dans-la-ruee-aux-iles-canaries","status":"publish","type":"post","link":"https:\/\/ladepeche.mr\/?p=3353","title":{"rendered":"Rapport accablant d\u2019une Ong sur la migration : Plus de 7 milles morts dans la ru\u00e9e aux Iles Canaries"},"content":{"rendered":"<p>Entre 2018 et novembre 2022, 11286 personnes venant de 31 pays ont trouv\u00e9 la mort dans leur tentative de rejoindre l\u2019Europe par l\u2019oc\u00e9an. Plus des deux tiers de ces naufrag\u00e9s passeraient par la zone  S\u00e9n\u00e9gal+ Mauritanie, une des quatre identifi\u00e9es indique \u00ab Caminando Fronteras \u00bb,  Ong connue dans le suivi de la migration.<br \/>\nSur ce nombre mortuaire, il y a 1 272 femmes et 377 enfants noy\u00e9s dans la travers\u00e9e. Une h\u00e9catombe que la pr\u00e9sidente de l\u2019Ong explique aussi par la non-assistance par les navires et services de secours comp\u00e9tents aux candidats \u00e0 la migration vers l\u2019Europe.<br \/>\nCe bilan de 5 ans d\u2019observation, r\u00e9v\u00e8le \u00ab Caminando Fronteras \u00bb, est \u00e9tabli suivant des t\u00e9moignages de migrants ou des familles des migrants perdus dans le trajet.<br \/>\n\u00abLa trag\u00e9die v\u00e9cue par les personnes tentant d\u2019atteindre l\u2019Espagne en traversant les diff\u00e9rentes fronti\u00e8res d\u00e9passe tout ce que nous pouvions imaginer\u00bb, t\u00e9moignait \u00e0 des confr\u00e8res, Helena Maleno, la pr\u00e9sidente fondatrice de l\u2019Ong.<\/p>\n","protected":false},"excerpt":{"rendered":"<p>Entre 2018 et novembre 2022, 11286 personnes venant de 31 pays ont trouv\u00e9 la mort dans leur tentative de rejoindre l\u2019Europe par l\u2019oc\u00e9an. Plus des deux tiers de ces naufrag\u00e9s passeraient par la zone S\u00e9n\u00e9gal+ Mauritanie, une des quatre identifi\u00e9es indique \u00ab Caminando Fronteras \u00bb, Ong connue dans le suivi de la migration. Sur ce &hellip;<\/p>\n","protected":false},"author":2,"featured_media":3354,"comment_status":"open","ping_status":"open","sticky":false,"template":"","format":"standard","meta":{"footnotes":""},"categories":[18,29],"tags":[],"class_list":["post-3353","post","type-post","status-publish","format-standard","has-post-thumbnail","hentry","category-actualites","category-monde"],"_links":{"self":[{"href":"https:\/\/ladepeche.mr\/index.php?rest_route=\/wp\/v2\/posts\/3353","targetHints":{"allow":["GET"]}}],"collection":[{"href":"https:\/\/ladepeche.mr\/index.php?rest_route=\/wp\/v2\/posts"}],"about":[{"href":"https:\/\/ladepeche.mr\/index.php?rest_route=\/wp\/v2\/types\/post"}],"author":[{"embeddable":true,"href":"https:\/\/ladepeche.mr\/index.php?rest_route=\/wp\/v2\/users\/2"}],"replies":[{"embeddable":true,"href":"https:\/\/ladepeche.mr\/index.php?rest_route=%2Fwp%2Fv2%2Fcomments&post=3353"}],"version-history":[{"count":1,"href":"https:\/\/ladepeche.mr\/index.php?rest_route=\/wp\/v2\/posts\/3353\/revisions"}],"predecessor-version":[{"id":3355,"href":"https:\/\/ladepeche.mr\/index.php?rest_route=\/wp\/v2\/posts\/3353\/revisions\/3355"}],"wp:featuredmedia":[{"embeddable":true,"href":"https:\/\/ladepeche.mr\/index.php?rest_route=\/wp\/v2\/media\/3354"}],"wp:attachment":[{"href":"https:\/\/ladepeche.mr\/index.php?rest_route=%2Fwp%2Fv2%2Fmedia&parent=3353"}],"wp:term":[{"taxonomy":"category","embeddable":true,"href":"https:\/\/ladepeche.mr\/index.php?rest_route=%2Fwp%2Fv2%2Fcategories&post=3353"},{"taxonomy":"post_tag","embeddable":true,"href":"https:\/\/ladepeche.mr\/index.php?rest_route=%2Fwp%2Fv2%2Ftags&post=3353"}],"curies":[{"name":"wp","href":"https:\/\/api.w.org\/{rel}","templated":true}]}}