{"id":3357,"date":"2022-12-20T15:24:45","date_gmt":"2022-12-20T15:24:45","guid":{"rendered":"https:\/\/ladepeche.mr\/?p=3357"},"modified":"2022-12-20T17:18:59","modified_gmt":"2022-12-20T17:18:59","slug":"urgent-mauritanie-secousses-inexpliquees-a-nouadhibou","status":"publish","type":"post","link":"https:\/\/ladepeche.mr\/?p=3357","title":{"rendered":"Urgent- Mauritanie- secousses inexpliqu\u00e9es \u00e0 Nouadhibou"},"content":{"rendered":"<p>Les habitants de Nouadhibou ont v\u00e9cu une v\u00e9ritable panique apr\u00e8s des secousses qui ont \u00e9branl\u00e9 leurs demeures.<br \/>\nSi pour certains, il s\u2019agissait de secousses telluriques, d\u2019autres disent ne rien avoir senti et que ce serait probablement les explosions de mines anti-v\u00e9hicules le long de la fronti\u00e8re mauritanienne avec le Sahara.<br \/>\nLes autorit\u00e9s locales observent le silence sur ce ph\u00e9nom\u00e8ne que certains attribuent, <strong>photos<\/strong> \u00e0 l\u2019appui, \u00e0 une secousse tellurique d\u2019une faible intensit\u00e9. Aucune victime ne serait d\u00e9plor\u00e9e.<br \/>\nIl y a quatre ans, un ph\u00e9nom\u00e8ne identique avait \u00e9t\u00e9 ressenti dans les villages c\u00f4tiers entre Nouakchott et Nouadhibou.<\/p>\n<p>https:\/\/www.volcanodiscovery.com\/fr\/seismes\/info-seisme\/7270251\/quake-felt-Dec-20-2022-Dakhlet-Nouadhibou-Mauritania.html<\/p>\n","protected":false},"excerpt":{"rendered":"<p>Les habitants de Nouadhibou ont v\u00e9cu une v\u00e9ritable panique apr\u00e8s des secousses qui ont \u00e9branl\u00e9 leurs demeures. Si pour certains, il s\u2019agissait de secousses telluriques, d\u2019autres disent ne rien avoir senti et que ce serait probablement les explosions de mines anti-v\u00e9hicules le long de la fronti\u00e8re mauritanienne avec le Sahara. Les autorit\u00e9s locales observent le &hellip;<\/p>\n","protected":false},"author":2,"featured_media":3358,"comment_status":"open","ping_status":"open","sticky":false,"template":"","format":"standard","meta":{"footnotes":""},"categories":[18],"tags":[],"class_list":["post-3357","post","type-post","status-publish","format-standard","has-post-thumbnail","hentry","category-actualites"],"_links":{"self":[{"href":"https:\/\/ladepeche.mr\/index.php?rest_route=\/wp\/v2\/posts\/3357","targetHints":{"allow":["GET"]}}],"collection":[{"href":"https:\/\/ladepeche.mr\/index.php?rest_route=\/wp\/v2\/posts"}],"about":[{"href":"https:\/\/ladepeche.mr\/index.php?rest_route=\/wp\/v2\/types\/post"}],"author":[{"embeddable":true,"href":"https:\/\/ladepeche.mr\/index.php?rest_route=\/wp\/v2\/users\/2"}],"replies":[{"embeddable":true,"href":"https:\/\/ladepeche.mr\/index.php?rest_route=%2Fwp%2Fv2%2Fcomments&post=3357"}],"version-history":[{"count":3,"href":"https:\/\/ladepeche.mr\/index.php?rest_route=\/wp\/v2\/posts\/3357\/revisions"}],"predecessor-version":[{"id":3361,"href":"https:\/\/ladepeche.mr\/index.php?rest_route=\/wp\/v2\/posts\/3357\/revisions\/3361"}],"wp:featuredmedia":[{"embeddable":true,"href":"https:\/\/ladepeche.mr\/index.php?rest_route=\/wp\/v2\/media\/3358"}],"wp:attachment":[{"href":"https:\/\/ladepeche.mr\/index.php?rest_route=%2Fwp%2Fv2%2Fmedia&parent=3357"}],"wp:term":[{"taxonomy":"category","embeddable":true,"href":"https:\/\/ladepeche.mr\/index.php?rest_route=%2Fwp%2Fv2%2Fcategories&post=3357"},{"taxonomy":"post_tag","embeddable":true,"href":"https:\/\/ladepeche.mr\/index.php?rest_route=%2Fwp%2Fv2%2Ftags&post=3357"}],"curies":[{"name":"wp","href":"https:\/\/api.w.org\/{rel}","templated":true}]}}