{"id":3362,"date":"2022-12-20T21:53:25","date_gmt":"2022-12-20T21:53:25","guid":{"rendered":"https:\/\/ladepeche.mr\/?p=3362"},"modified":"2022-12-20T21:53:25","modified_gmt":"2022-12-20T21:53:25","slug":"anniversaire-du-g5sahel-vivra-t-il-plus-longtemps","status":"publish","type":"post","link":"https:\/\/ladepeche.mr\/?p=3362","title":{"rendered":"Anniversaire du G5Sahel: Vivra-t-il plus  longtemps  ?"},"content":{"rendered":"<p>Huit bougies, c\u2019est encore peu dans la vie d\u2019une structure. Mais ce huiti\u00e8me anniversaire a  quelque part un go\u00fbt amer avec l\u2019instabilit\u00e9 politique enregistr\u00e9e dans plusieurs pays composant le G5S. Coups d\u2019Etat au Tchad, au Mali et au Burkina. Seuls le Niger et la Mauritanie \u00e9chappent \u00e0 cette r\u00e9alit\u00e9 anti-constitutionnelle. Mais les \u00ab\u00a0\u00ab\u00a0\u00ab\u00a0\u00abmauvais \u00e9l\u00e8ves\u00a0\u00bb sont l\u00e9gion.<br \/>\nL\u2019heure n\u2019est sans doute pas encore au bilan de cette organisation derni\u00e8re-n\u00e9e de la sous-r\u00e9gion. Mais elle est grave m\u00eame si l\u2019esprit qui a pr\u00e9sid\u00e9 \u00e0 sa mise en place r\u00e9siste encore aux al\u00e9as du temps et aux \u00e9cueils politiques.<br \/>\nEn effet, la convention de cr\u00e9ation de cet espace de coop\u00e9ration multiforme, le 19 d\u00e9cembre 2014, entre la Mauritanie, le Mali, le Burkina Faso, le Niger et le Tchad, portait sur l\u2019engagement de mutualiser leurs moyens et les efforts pour lutter contre l\u2019ins\u00e9curit\u00e9 et promouvoir le d\u00e9veloppement int\u00e9gr\u00e9 dans la sous-r\u00e9gion. Une v\u00e9ritable dynamique s\u2019est empar\u00e9e des partenaires pour apporter une r\u00e9ponse militaire et \u00e9conomique en cr\u00e9ant en 2017, sous l\u2019impulsion du couple franco-allemand,<br \/>\nlAlliance Sahel. Une plateforme de coordination internationale per\u00e7ue comme un m\u00e9canisme de coordination d\u2019aide pour la stabilisation et le d\u00e9veloppement des pays du G5 Sahel. L\u2019objectif de l\u2019Alliance Sahel \u00e9tait d\u2019apporter \u00ab\u00a0une aide plus rapide, plus efficace et mieux cibl\u00e9e en faveur des zones vuln\u00e9rables\u00a0\u00bb.<br \/>\nEn 2020 est n\u00e9e la Coalition Sahel (sommet de Pau le 13 janvier 2020). Elle est l\u2019ancien par les chefs d\u2019Etats de la France, du Burkina Faso, du Mali, de la Mauritanie, du Niger et du Tchad, en pr\u00e9sence du Secr\u00e9taire g\u00e9n\u00e9ral des Nations Unies, du pr\u00e9sident du Conseil europ\u00e9en et du Haut repr\u00e9sentant de l\u2019Union europ\u00e9enne, du pr\u00e9sident de la Commission de l\u2019Union africaine et de la Secr\u00e9taire g\u00e9n\u00e9rale de la Francophonie.<br \/>\nElle vise, dans cette r\u00e9partition des t\u00e2ches, \u00ab\u00a0\u00e0 faciliter la synchronisation, la coordination et les interactions entre les diff\u00e9rents volets de l\u2019action internationale venant en appui des pays du G5\u00a0\u00bb.<br \/>\nL\u2019objectif assign\u00e9 \u00e0 la Coalition est de rassembler les \u00ab\u00a0leviers et des acteurs impliqu\u00e9s au Sahel\u00a0\u00bb autour de quatre piliers<br \/>\n-lutte contre les groupes arm\u00e9s terroristes<br \/>\n-renforcer les capacit\u00e9s des forces arm\u00e9es des Etats de la r\u00e9gion.<br \/>\n-appui au retour de l&#8217;Etat \u00e0 travers le soutien aux forces de s\u00e9curit\u00e9 int\u00e9rieure<br \/>\n-coordination des acteurs du d\u00e9veloppement<br \/>\nSi l\u2019on a assist\u00e9 ces derni\u00e8res ann\u00e9es \u00e0 une mobilisation sans pr\u00e9c\u00e9dent de la communaut\u00e9 internationale et des pays concern\u00e9s, il faut bien se rendre \u00e0 l\u2019\u00e9vidence que les retournements politiques inh\u00e9rents au Sahel amenuisent les chances de cette solidarit\u00e9 extraordinaire pour aider le Sahel \u00e0 se prendre en charge.<\/p>\n","protected":false},"excerpt":{"rendered":"<p>Huit bougies, c\u2019est encore peu dans la vie d\u2019une structure. Mais ce huiti\u00e8me anniversaire a quelque part un go\u00fbt amer avec l\u2019instabilit\u00e9 politique enregistr\u00e9e dans plusieurs pays composant le G5S. Coups d\u2019Etat au Tchad, au Mali et au Burkina. Seuls le Niger et la Mauritanie \u00e9chappent \u00e0 cette r\u00e9alit\u00e9 anti-constitutionnelle. Mais les \u00ab\u00a0\u00ab\u00a0\u00ab\u00a0\u00abmauvais \u00e9l\u00e8ves\u00a0\u00bb sont &hellip;<\/p>\n","protected":false},"author":2,"featured_media":3363,"comment_status":"open","ping_status":"open","sticky":false,"template":"","format":"standard","meta":{"footnotes":""},"categories":[18,29,28],"tags":[],"class_list":["post-3362","post","type-post","status-publish","format-standard","has-post-thumbnail","hentry","category-actualites","category-monde","category-sahel"],"_links":{"self":[{"href":"https:\/\/ladepeche.mr\/index.php?rest_route=\/wp\/v2\/posts\/3362","targetHints":{"allow":["GET"]}}],"collection":[{"href":"https:\/\/ladepeche.mr\/index.php?rest_route=\/wp\/v2\/posts"}],"about":[{"href":"https:\/\/ladepeche.mr\/index.php?rest_route=\/wp\/v2\/types\/post"}],"author":[{"embeddable":true,"href":"https:\/\/ladepeche.mr\/index.php?rest_route=\/wp\/v2\/users\/2"}],"replies":[{"embeddable":true,"href":"https:\/\/ladepeche.mr\/index.php?rest_route=%2Fwp%2Fv2%2Fcomments&post=3362"}],"version-history":[{"count":1,"href":"https:\/\/ladepeche.mr\/index.php?rest_route=\/wp\/v2\/posts\/3362\/revisions"}],"predecessor-version":[{"id":3364,"href":"https:\/\/ladepeche.mr\/index.php?rest_route=\/wp\/v2\/posts\/3362\/revisions\/3364"}],"wp:featuredmedia":[{"embeddable":true,"href":"https:\/\/ladepeche.mr\/index.php?rest_route=\/wp\/v2\/media\/3363"}],"wp:attachment":[{"href":"https:\/\/ladepeche.mr\/index.php?rest_route=%2Fwp%2Fv2%2Fmedia&parent=3362"}],"wp:term":[{"taxonomy":"category","embeddable":true,"href":"https:\/\/ladepeche.mr\/index.php?rest_route=%2Fwp%2Fv2%2Fcategories&post=3362"},{"taxonomy":"post_tag","embeddable":true,"href":"https:\/\/ladepeche.mr\/index.php?rest_route=%2Fwp%2Fv2%2Ftags&post=3362"}],"curies":[{"name":"wp","href":"https:\/\/api.w.org\/{rel}","templated":true}]}}