{"id":3365,"date":"2022-12-21T20:31:02","date_gmt":"2022-12-21T20:31:02","guid":{"rendered":"https:\/\/ladepeche.mr\/?p=3365"},"modified":"2022-12-22T12:31:14","modified_gmt":"2022-12-22T12:31:14","slug":"cfd-appel-pour-une-large-entente-nationale-au-service-de-lunite-de-la-democratie-et-de-la-stabilite-de-notre-pays","status":"publish","type":"post","link":"https:\/\/ladepeche.mr\/?p=3365","title":{"rendered":"CFCD: Appel pour une large entente nationale au service de l\u2019unit\u00e9, de la d\u00e9mocratie et de la stabilit\u00e9 de notre pays"},"content":{"rendered":"<p>La sc\u00e8ne politique, \u00e0 la veille des \u00e9lections l\u00e9gislatives, r\u00e9gionales et municipales, est caract\u00e9ris\u00e9e par la persistance et l\u2019acc\u00e9l\u00e9ration de facteurs de risques graves sur la stabilit\u00e9 et la paix, due en grande partie \u00e0 la crise politique, \u00e9conomique et sociale qui perdure depuis des ann\u00e9es, dans un contexte mondial et r\u00e9gional particuli\u00e8rement instable et dangereux. Le syndrome malien et burkinab\u00e9 a de quoi pr\u00e9occuper aujourd\u2019hui tous les pays du Sahel.<br \/>\nDurant la d\u00e9cennie de la gabegie, la sc\u00e8ne politique \u00e9tait divis\u00e9e en deux grands camps oppos\u00e9s : celui d\u2019un r\u00e9gime autoritaire, anti-d\u00e9mocratique et profond\u00e9ment corrompu et celui d\u2019une opposition d\u00e9mocratique, \u00e0 composition multiple, unie par une volont\u00e9 farouche de d\u00e9fendre l\u2019unit\u00e9 nationale et la coh\u00e9sion sociale, mais une opposition de plus en plus fragment\u00e9e. Cette situation a \u00e9volu\u00e9 depuis l\u2019accession au pouvoir du Pr\u00e9sident Mohamed Ould Cheikh Ghazouani.<\/p>\n<p>L\u2019acceptation par la majorit\u00e9 parlementaire de la proposition de l\u2019opposition de la constitution d\u2019une commission d\u2019enqu\u00eate parlementaire sur la gestion des comptes publics de la d\u00e9cennie \u00e9coul\u00e9e et la mise en \u0153uvre d\u2019une approche de concertation entre les deux camps sur d\u2019autres sujets, comme la Covid 19, vont confirmer la justesse de la politique d\u2019apaisement du  Pr\u00e9sident de la  R\u00e9publique et de l\u2019opposition d\u00e9mocratique, malgr\u00e9 certaines faiblesses et incons\u00e9quences.<br \/>\nCe nouveau climat politique et social rendra possible l\u2019adoption d\u2019une feuille de route pour un dialogue national inclusif, n\u2019excluant personne et abordant, sans tabous, tous les th\u00e8mes. Des blocages venant tant de certains milieux de la majorit\u00e9 que de l\u2019opposition vont donner pr\u00e9texte \u00e0 l\u2019abandon de ce dialogue, constituant ainsi le plus grave \u00e9chec du pari fait sur un nouveau d\u00e9part d\u00e9mocratique consensuel du pays. Cependant, face \u00e0 la n\u00e9cessit\u00e9 de poursuivre une certaine concertation entre les diff\u00e9rentes forces politiques du pays, le Minist\u00e8re de l\u2019Int\u00e9rieur et de la D\u00e9centralisation a invit\u00e9 les partis pour s\u2019entendre sur l\u2019organisation consensuelle d\u2019\u00e9lections cr\u00e9dibles.<br \/>\nAlors que la classe politique, dans sa grande majorit\u00e9, cherchait \u00e0 approfondir et \u00e0 renforcer le climat d\u2019apaisement pour aboutir \u00e0 des reformes consensuelles, certains milieux, ext\u00e9rieurs \u00e0 l&#8217;opposition, ont man\u0153uvr\u00e9 pour cr\u00e9er une nouvelle polarisation politique, articul\u00e9e autour de l&#8217;alternative entre le choix de la confrontation et du retour \u00e0 la d\u00e9cennie de braises et son bilan catastrophique et le choix du changement pacifique dans un climat apais\u00e9.<br \/>\nCette polarisation a rev\u00eatu la forme de tentatives de mise en place d\u2019alliances politiques et \u00e9lectorales qui divisent l\u2019opposition.<\/p>\n<p>La persistance de la crise \u00e9conomique et sociale, en particulier la d\u00e9t\u00e9rioration des conditions de vie de nos populations(hausse des prix, ch\u00f4mage\u2026), les errements et l\u2019impasse de la gouvernance et les frustrations qui en r\u00e9sultent au sein des couches populaires et des communaut\u00e9s nationales qui expriment leur m\u00e9contentement face \u00e0 la marginalisation et \u00e0 l&#8217;exclusion, cr\u00e9e un contexte propice \u00e0 toutes les d\u00e9rives et aux manipulation des aventuriers politiques et renforce les dangers qui guettent le pays, notamment sa stabilit\u00e9, voire son existence m\u00eame, compte tenu de notre environnement r\u00e9gional chaotique dont les m\u00e9tastases ne manqueront pas de peser, tr\u00e8s lourdement, sur notre avenir imm\u00e9diat.<\/p>\n<p>D\u2019ores et d\u00e9j\u00e0, le paysage politique est marqu\u00e9 par cette ligne de fracture profonde et dangereuse. Dangereuse aussi serait l\u2019organisation d\u2019\u00e9lections dans ce climat d\u00e9l\u00e9t\u00e8re.<\/p>\n<p>Au vu de cette situation d\u2019ensemble, de ses principales caract\u00e9ristiques, de l\u2019\u00e9tat r\u00e9el des forces en pr\u00e9sence et des int\u00e9r\u00eats fondamentaux de notre pays, nous, Partis de la Coalition des Forces du Changement D\u00e9mocratique, profond\u00e9ment convaincus que sans des r\u00e9formes dans l&#8217;int\u00e9r\u00eat du citoyen et du pays, point de stabilit\u00e9 et sans stabilit\u00e9, point de r\u00e9formes possibles, que sans campagne apais\u00e9e, point de r\u00e9sultats \u00e9lectoraux acceptables, lan\u00e7ons un appel au Peuple mauritanien, et en particulier \u00e0 toutes les forces politiques patriotiques, de tous les bords, pour anticiper sur les menaces qui p\u00e8sent sur notre pays, d\u00e9passer nos contradictions secondaires, resserrer les rangs et nous engager dans la voie salutaire d\u2019une large entente nationale, quelle qu\u2019en soit la forme, seule \u00e0 m\u00eame de nous permettre de faire face aux dangers qui nous guettent. La situation d\u2019ensemble requiert de nous la lucidit\u00e9 et l\u2019audace d\u2019aller de l\u2019avant dans la concorde, l\u2019unit\u00e9 nationale, la coh\u00e9sion sociale et la d\u00e9mocratie.<\/p>\n<p>Nouakchott, le 27 Joumada Al Oula 1444 \u2013 21 D\u00e9cembre 2022<\/p>\n<p>Les Partis de la Coalition des Forces du Changement D\u00e9mocratique<br \/>\n-Rassemblement des Forces D\u00e9mocratiques<br \/>\n-Union des Forces du Progr\u00e8s<br \/>\n-Union Nationale pour l\u2019Alternance D\u00e9mocratique (UNAD)<\/p>\n","protected":false},"excerpt":{"rendered":"<p>La sc\u00e8ne politique, \u00e0 la veille des \u00e9lections l\u00e9gislatives, r\u00e9gionales et municipales, est caract\u00e9ris\u00e9e par la persistance et l\u2019acc\u00e9l\u00e9ration de facteurs de risques graves sur la stabilit\u00e9 et la paix, due en grande partie \u00e0 la crise politique, \u00e9conomique et sociale qui perdure depuis des ann\u00e9es, dans un contexte mondial et r\u00e9gional particuli\u00e8rement instable et &hellip;<\/p>\n","protected":false},"author":2,"featured_media":0,"comment_status":"open","ping_status":"open","sticky":false,"template":"","format":"standard","meta":{"footnotes":""},"categories":[18],"tags":[],"class_list":["post-3365","post","type-post","status-publish","format-standard","hentry","category-actualites"],"_links":{"self":[{"href":"https:\/\/ladepeche.mr\/index.php?rest_route=\/wp\/v2\/posts\/3365","targetHints":{"allow":["GET"]}}],"collection":[{"href":"https:\/\/ladepeche.mr\/index.php?rest_route=\/wp\/v2\/posts"}],"about":[{"href":"https:\/\/ladepeche.mr\/index.php?rest_route=\/wp\/v2\/types\/post"}],"author":[{"embeddable":true,"href":"https:\/\/ladepeche.mr\/index.php?rest_route=\/wp\/v2\/users\/2"}],"replies":[{"embeddable":true,"href":"https:\/\/ladepeche.mr\/index.php?rest_route=%2Fwp%2Fv2%2Fcomments&post=3365"}],"version-history":[{"count":2,"href":"https:\/\/ladepeche.mr\/index.php?rest_route=\/wp\/v2\/posts\/3365\/revisions"}],"predecessor-version":[{"id":3378,"href":"https:\/\/ladepeche.mr\/index.php?rest_route=\/wp\/v2\/posts\/3365\/revisions\/3378"}],"wp:attachment":[{"href":"https:\/\/ladepeche.mr\/index.php?rest_route=%2Fwp%2Fv2%2Fmedia&parent=3365"}],"wp:term":[{"taxonomy":"category","embeddable":true,"href":"https:\/\/ladepeche.mr\/index.php?rest_route=%2Fwp%2Fv2%2Fcategories&post=3365"},{"taxonomy":"post_tag","embeddable":true,"href":"https:\/\/ladepeche.mr\/index.php?rest_route=%2Fwp%2Fv2%2Ftags&post=3365"}],"curies":[{"name":"wp","href":"https:\/\/api.w.org\/{rel}","templated":true}]}}