{"id":3372,"date":"2022-12-21T21:14:17","date_gmt":"2022-12-21T21:14:17","guid":{"rendered":"https:\/\/ladepeche.mr\/?p=3372"},"modified":"2022-12-21T21:14:17","modified_gmt":"2022-12-21T21:14:17","slug":"etat-civil-la-cni-officiellement-prorogee-jusquau-31-decembre-2024","status":"publish","type":"post","link":"https:\/\/ladepeche.mr\/?p=3372","title":{"rendered":"Etat-civil: La CNI officiellement prorog\u00e9e jusqu&#8217;au 31 d\u00e9cembre 2024"},"content":{"rendered":"<p>Le gouvernement a adopt\u00e9 ce soir un projet de d\u00e9cret prorogeant la dur\u00e9e de validit\u00e9 de la carte d\u2019identit\u00e9 jusqu&#8217;en 2024. Cette prorogation de deux ans devrait permettre aux \u00e9lecteurs mauritaniens de pouvoir voter en avril 2023 en attendant la d\u00e9livrance de nouvelles cartes nationales d&#8217;identit\u00e9 en 2024.<br \/>\nCens\u00e9e \u00eatre devenue caduque, la CNI prorog\u00e9e devrait donc servir \u00e0 l&#8217;\u00e9tablissement du Recensement \u00e0 vocation \u00e9lectorale (Ravel) pour constituer un nouveau fichier \u00e9lectoral.<br \/>\nLa d\u00e9cision prise en conseil des ministres de maintenir l&#8217;ancien CNI dont le renouvellement, sur dix ans, accuse un retard est expliqu\u00e9 par de &#8220;nouvelles circonstances&#8221;.<\/p>\n","protected":false},"excerpt":{"rendered":"<p>Le gouvernement a adopt\u00e9 ce soir un projet de d\u00e9cret prorogeant la dur\u00e9e de validit\u00e9 de la carte d\u2019identit\u00e9 jusqu&#8217;en 2024. Cette prorogation de deux ans devrait permettre aux \u00e9lecteurs mauritaniens de pouvoir voter en avril 2023 en attendant la d\u00e9livrance de nouvelles cartes nationales d&#8217;identit\u00e9 en 2024. Cens\u00e9e \u00eatre devenue caduque, la CNI prorog\u00e9e &hellip;<\/p>\n","protected":false},"author":2,"featured_media":3373,"comment_status":"open","ping_status":"open","sticky":false,"template":"","format":"standard","meta":{"footnotes":""},"categories":[18],"tags":[],"class_list":["post-3372","post","type-post","status-publish","format-standard","has-post-thumbnail","hentry","category-actualites"],"_links":{"self":[{"href":"https:\/\/ladepeche.mr\/index.php?rest_route=\/wp\/v2\/posts\/3372","targetHints":{"allow":["GET"]}}],"collection":[{"href":"https:\/\/ladepeche.mr\/index.php?rest_route=\/wp\/v2\/posts"}],"about":[{"href":"https:\/\/ladepeche.mr\/index.php?rest_route=\/wp\/v2\/types\/post"}],"author":[{"embeddable":true,"href":"https:\/\/ladepeche.mr\/index.php?rest_route=\/wp\/v2\/users\/2"}],"replies":[{"embeddable":true,"href":"https:\/\/ladepeche.mr\/index.php?rest_route=%2Fwp%2Fv2%2Fcomments&post=3372"}],"version-history":[{"count":1,"href":"https:\/\/ladepeche.mr\/index.php?rest_route=\/wp\/v2\/posts\/3372\/revisions"}],"predecessor-version":[{"id":3374,"href":"https:\/\/ladepeche.mr\/index.php?rest_route=\/wp\/v2\/posts\/3372\/revisions\/3374"}],"wp:featuredmedia":[{"embeddable":true,"href":"https:\/\/ladepeche.mr\/index.php?rest_route=\/wp\/v2\/media\/3373"}],"wp:attachment":[{"href":"https:\/\/ladepeche.mr\/index.php?rest_route=%2Fwp%2Fv2%2Fmedia&parent=3372"}],"wp:term":[{"taxonomy":"category","embeddable":true,"href":"https:\/\/ladepeche.mr\/index.php?rest_route=%2Fwp%2Fv2%2Fcategories&post=3372"},{"taxonomy":"post_tag","embeddable":true,"href":"https:\/\/ladepeche.mr\/index.php?rest_route=%2Fwp%2Fv2%2Ftags&post=3372"}],"curies":[{"name":"wp","href":"https:\/\/api.w.org\/{rel}","templated":true}]}}