{"id":3375,"date":"2022-12-22T12:02:00","date_gmt":"2022-12-22T12:02:00","guid":{"rendered":"https:\/\/ladepeche.mr\/?p=3375"},"modified":"2022-12-22T12:02:00","modified_gmt":"2022-12-22T12:02:00","slug":"2022-est-devenue-lannee-la-plus-meurtriere-pour-les-enfants-palestiniens-en-cisjordanie-depuis-plus-de-15-ans","status":"publish","type":"post","link":"https:\/\/ladepeche.mr\/?p=3375","title":{"rendered":"2022 est devenue l\u2019ann\u00e9e la plus meurtri\u00e8re pour les enfants palestiniens en Cisjordanie depuis plus de 15 ans"},"content":{"rendered":"<p>2022 aura \u00e9t\u00e9 l\u2019ann\u00e9e la plus meurtri\u00e8re pour les enfants palestiniens en Cisjordanie depuis plus de 15 ans. Depuis le mois de janvier 2022, 34 enfants ont \u00e9t\u00e9 tu\u00e9s par les forces de s\u00e9curit\u00e9 et par des colons isra\u00e9liens en Cisjordanie occup\u00e9e. 34, cela repr\u00e9sente le double du nombre d\u2019enfants victimes en 2021.<\/p>\n<p>Le nombre d\u2019assassinats d\u2019enfants perp\u00e9tr\u00e9s par les forces isra\u00e9liennes n\u2019avait jamais \u00e9t\u00e9 aussi \u00e9lev\u00e9 depuis 2006. Les r\u00e9cents meurtres de Mahmoud al-Sadi et d\u2019Ahmad Shehadeh, respectivement \u00e2g\u00e9s de 17 et de 16 ans, t\u00e9moignent d\u2019un d\u00e9cha\u00eenement \u00e0 l\u2019encontre des enfants en Cisjordanie occup\u00e9e, dans un contexte d\u2019intensification de la violence coloniale et de la politique d\u2019expansion isra\u00e9lienne.<\/p>\n<p>La guerre men\u00e9e par Isra\u00ebl contre la r\u00e9sistance palestinienne, qui s\u2019exprime notamment par l\u2019augmentation des raids militaires, souvent nocturnes, ainsi que par les attaques directes contre les Palestiniens, se fait \u00e9galement contre les enfants, dans une logique de terrorisation de la totalit\u00e9 de la population.<\/p>\n<p>La privation d\u00e9lib\u00e9r\u00e9e de l\u2019acc\u00e8s \u00e0 l\u2019\u00e9cole et aux services de base permettant le d\u00e9veloppement des enfants est \u00e9galement une pierre angulaire de la strat\u00e9gie de destabilisation de la population men\u00e9e de front par les forces d\u2019occupation et les autorit\u00e9s isra\u00e9liennes en Cisjordanie occup\u00e9e.<br \/>\nCette politique est renforc\u00e9e par l\u2019impunit\u00e9 dont b\u00e9n\u00e9ficient lesdites autorit\u00e9s isra\u00e9liennes, notamment sur la sc\u00e8ne internationale, et ce au m\u00e9pris du droit international qui impose une protection sp\u00e9ciale pour les enfants, qui ne sauraient \u00eatre victimes de violence, m\u00eame en situation d\u2019occupation du territoire sur lequel ils se trouvent.<\/p>\n<p>Le 11 ao\u00fbt 2022, Michelle Bachelet, la Haute-commissaire aux droits de l\u2019homme des Nations Unies a exprim\u00e9 son inqui\u00e9tude vis \u00e0 vis de l\u2019important nombre d\u2019enfants palestiniens bless\u00e9s et tu\u00e9s sur le territoire palestinien, faisant suite au meurtre de 19 enfants palestiniens la semaine pr\u00e9c\u00e9dente.<\/p>\n<p>Le 12 d\u00e9cembre 2022, l\u2019ONG Human Rights Watch a soumis au Comit\u00e9 des droits de l\u2019enfant des Nations Unies un rapport d\u00e9non\u00e7ant des attaques ill\u00e9gales et injustifi\u00e9es contre les enfants palestiniens ainsi que l\u2019utilisation de la force l\u00e9thale \u00e0 leur encontre.<\/p>\n<p>Les chiffres donn\u00e9s dans cet article ont \u00e9t\u00e9 mis au jour par l\u2019ONG Save The Children.<br \/>\nhttps:\/\/agencemediapalestine.fr<\/p>\n","protected":false},"excerpt":{"rendered":"<p>2022 aura \u00e9t\u00e9 l\u2019ann\u00e9e la plus meurtri\u00e8re pour les enfants palestiniens en Cisjordanie depuis plus de 15 ans. Depuis le mois de janvier 2022, 34 enfants ont \u00e9t\u00e9 tu\u00e9s par les forces de s\u00e9curit\u00e9 et par des colons isra\u00e9liens en Cisjordanie occup\u00e9e. 34, cela repr\u00e9sente le double du nombre d\u2019enfants victimes en 2021. Le nombre &hellip;<\/p>\n","protected":false},"author":2,"featured_media":3376,"comment_status":"open","ping_status":"open","sticky":false,"template":"","format":"standard","meta":{"footnotes":""},"categories":[18,29],"tags":[],"class_list":["post-3375","post","type-post","status-publish","format-standard","has-post-thumbnail","hentry","category-actualites","category-monde"],"_links":{"self":[{"href":"https:\/\/ladepeche.mr\/index.php?rest_route=\/wp\/v2\/posts\/3375","targetHints":{"allow":["GET"]}}],"collection":[{"href":"https:\/\/ladepeche.mr\/index.php?rest_route=\/wp\/v2\/posts"}],"about":[{"href":"https:\/\/ladepeche.mr\/index.php?rest_route=\/wp\/v2\/types\/post"}],"author":[{"embeddable":true,"href":"https:\/\/ladepeche.mr\/index.php?rest_route=\/wp\/v2\/users\/2"}],"replies":[{"embeddable":true,"href":"https:\/\/ladepeche.mr\/index.php?rest_route=%2Fwp%2Fv2%2Fcomments&post=3375"}],"version-history":[{"count":1,"href":"https:\/\/ladepeche.mr\/index.php?rest_route=\/wp\/v2\/posts\/3375\/revisions"}],"predecessor-version":[{"id":3377,"href":"https:\/\/ladepeche.mr\/index.php?rest_route=\/wp\/v2\/posts\/3375\/revisions\/3377"}],"wp:featuredmedia":[{"embeddable":true,"href":"https:\/\/ladepeche.mr\/index.php?rest_route=\/wp\/v2\/media\/3376"}],"wp:attachment":[{"href":"https:\/\/ladepeche.mr\/index.php?rest_route=%2Fwp%2Fv2%2Fmedia&parent=3375"}],"wp:term":[{"taxonomy":"category","embeddable":true,"href":"https:\/\/ladepeche.mr\/index.php?rest_route=%2Fwp%2Fv2%2Fcategories&post=3375"},{"taxonomy":"post_tag","embeddable":true,"href":"https:\/\/ladepeche.mr\/index.php?rest_route=%2Fwp%2Fv2%2Ftags&post=3375"}],"curies":[{"name":"wp","href":"https:\/\/api.w.org\/{rel}","templated":true}]}}