{"id":3395,"date":"2022-12-23T09:00:03","date_gmt":"2022-12-23T09:00:03","guid":{"rendered":"https:\/\/ladepeche.mr\/?p=3395"},"modified":"2022-12-23T09:00:03","modified_gmt":"2022-12-23T09:00:03","slug":"lambassadeur-de-lunion-europeenne-ue-aupres-de-notre-pays-loccident-a-une-image-qui-ne-reflete-pas-la-verite-sur-la-situation-de-lesclavage-en-mauritanie","status":"publish","type":"post","link":"https:\/\/ladepeche.mr\/?p=3395","title":{"rendered":"L\u2019Ambassadeur de l\u2019Union europ\u00e9enne (UE) aupr\u00e8s de notre pays : \u00ab l\u2019Occident a une image qui ne refl\u00e8te pas la v\u00e9rit\u00e9 sur la situation de l\u2019esclavage en Mauritanie \u00bb"},"content":{"rendered":"<p>L\u2019ambassadeur, d\u00e9l\u00e9gu\u00e9 de l\u2019Union Eurp\u00e9enne en Mauritanie a estim\u00e9 mercredi, \u00e0 l\u2019occasion d\u2019une caravane de mobilisation contre l\u2019esclavage, organis\u00e9e par la Commission nationale des droits de l\u2019Homme \u00ab l\u2019Occident a une image qui ne refl\u00e8te pas la v\u00e9rit\u00e9 sur la situation de l\u2019esclavage en Mauritanie \u00bb<\/p>\n<p>L\u2019ambassadeur europ\u00e9en \u00e9tait accompagn\u00e9 lors des activit\u00e9s de cette caravane humanitaire par le pr\u00e9sident de la CNDH, Me Ahmed Salem Ould Bouhabini.<\/p>\n<p>Le d\u00e9ploiement de cette \u00e9ni\u00e8me caravane de sensibilisation, inaugur\u00e9e par une rencontre avec le gouverneur de. Nouakchott, Niang Jibril, en pr\u00e9sence des autorit\u00e9s s\u00e9curitaires et administratives et des \u00e9lus locaux, vise \u00e0 mobiliser tous les acteurs contre toutes les formes de pratique de l\u2019esclavage et ses r\u00e9miniscences.<br \/>\nLa d\u00e9l\u00e9gation s\u2019est ensuite rendue dans la moughataa de Riyad, o\u00f9 elle a rencontr\u00e9 et \u00e9cout\u00e9 des membres de la soci\u00e9t\u00e9 civile. Les \u00e9changes ont port\u00e9 sur les meilleurs moyens \u00e0 mettre en \u0153uvre et \u00e0 m\u00eame d\u2019apporter une contribution efficace dans un effort commun de lutte contre ce ph\u00e9nom\u00e8ne.<br \/>\nLa rencontre \u00e9tait aussi une opportunit\u00e9 pour l\u2019ambassadeur SEM Gwilym Jones d\u2019insister sur le partenariat nou\u00e9 par l\u2019Ue avec la CNDH  gr\u00e2ce \u00e0 la confiance mutuelle dont la preuve a \u00e9t\u00e9 donn\u00e9e par la rencontre avec le pr\u00e9sident du conseil de l\u2019Europe lors de sa r\u00e9cente visite en Mauritanie.<\/p>\n<p>Pour SEM Gwilym Jones, ambassadeur de l\u2019Union Europ\u00e9enne en Mauritanie, m\u00eame si l\u2019Occident a une image qui ne refl\u00e8te pas la v\u00e9rit\u00e9 sur la situation de l\u2019esclavage en Mauritanie, l\u2019application stricte de la loi reste le meilleur moyen de faire face aux cas \u00e9ventuellement enregistr\u00e9s.<\/p>\n<p>En r\u00e9action \u00e0 la d\u00e9claration de l\u2019ambassadeur europ\u00e9en, Me Ahmed Salem Bouhoubeyni, pr\u00e9sident de la CNDH, a r\u00e9it\u00e9r\u00e9 le satisf\u00e9cit de son organisation pour le partenariat avec l\u2019Union europ\u00e9enne.<\/p>\n<p>Il a , par ailleurs, soulign\u00e9 que tous les caravanes se caract\u00e9risent par l\u2019ouverture \u00e0 tous et par la transparence, en toute synergie avec les autorit\u00e9s s\u00e9curitaires et administratives, les partenaires locaux et internationaux rappelant que c\u2019est la troisi\u00e8me fois que l\u2019Union europ\u00e9enne participe \u00e0 la caravane des droits organis\u00e9es par la CNDH, apr\u00e8s celles organis\u00e9es en Adrar et au Ghidimagha sous le label \u00ab Esclavage, tourner la page \u00bb.<br \/>\nRappelons enfin que la caravane est ax\u00e9e sur trois aspects cruciaux dans la mobilisation contre l\u2019esclavage \u00e0 savoir l\u2019explication de la loi criminalisant l\u2019esclavage, la mise en place du m\u00e9canisme de plainte, par la mise en ligne d\u2019un num\u00e9ro vert, pour d\u00e9noncer les cas suspicieux et enfin un \u00e9change direct entre le pr\u00e9sident de la CNDH et les citoyens impliqu\u00e9s.<br \/>\nAmi<\/p>\n","protected":false},"excerpt":{"rendered":"<p>L\u2019ambassadeur, d\u00e9l\u00e9gu\u00e9 de l\u2019Union Eurp\u00e9enne en Mauritanie a estim\u00e9 mercredi, \u00e0 l\u2019occasion d\u2019une caravane de mobilisation contre l\u2019esclavage, organis\u00e9e par la Commission nationale des droits de l\u2019Homme \u00ab l\u2019Occident a une image qui ne refl\u00e8te pas la v\u00e9rit\u00e9 sur la situation de l\u2019esclavage en Mauritanie \u00bb L\u2019ambassadeur europ\u00e9en \u00e9tait accompagn\u00e9 lors des activit\u00e9s de cette &hellip;<\/p>\n","protected":false},"author":2,"featured_media":3394,"comment_status":"open","ping_status":"open","sticky":false,"template":"","format":"standard","meta":{"footnotes":""},"categories":[18],"tags":[],"class_list":["post-3395","post","type-post","status-publish","format-standard","has-post-thumbnail","hentry","category-actualites"],"_links":{"self":[{"href":"https:\/\/ladepeche.mr\/index.php?rest_route=\/wp\/v2\/posts\/3395","targetHints":{"allow":["GET"]}}],"collection":[{"href":"https:\/\/ladepeche.mr\/index.php?rest_route=\/wp\/v2\/posts"}],"about":[{"href":"https:\/\/ladepeche.mr\/index.php?rest_route=\/wp\/v2\/types\/post"}],"author":[{"embeddable":true,"href":"https:\/\/ladepeche.mr\/index.php?rest_route=\/wp\/v2\/users\/2"}],"replies":[{"embeddable":true,"href":"https:\/\/ladepeche.mr\/index.php?rest_route=%2Fwp%2Fv2%2Fcomments&post=3395"}],"version-history":[{"count":1,"href":"https:\/\/ladepeche.mr\/index.php?rest_route=\/wp\/v2\/posts\/3395\/revisions"}],"predecessor-version":[{"id":3396,"href":"https:\/\/ladepeche.mr\/index.php?rest_route=\/wp\/v2\/posts\/3395\/revisions\/3396"}],"wp:featuredmedia":[{"embeddable":true,"href":"https:\/\/ladepeche.mr\/index.php?rest_route=\/wp\/v2\/media\/3394"}],"wp:attachment":[{"href":"https:\/\/ladepeche.mr\/index.php?rest_route=%2Fwp%2Fv2%2Fmedia&parent=3395"}],"wp:term":[{"taxonomy":"category","embeddable":true,"href":"https:\/\/ladepeche.mr\/index.php?rest_route=%2Fwp%2Fv2%2Fcategories&post=3395"},{"taxonomy":"post_tag","embeddable":true,"href":"https:\/\/ladepeche.mr\/index.php?rest_route=%2Fwp%2Fv2%2Ftags&post=3395"}],"curies":[{"name":"wp","href":"https:\/\/api.w.org\/{rel}","templated":true}]}}