{"id":3397,"date":"2022-12-23T15:32:01","date_gmt":"2022-12-23T15:32:01","guid":{"rendered":"https:\/\/ladepeche.mr\/?p=3397"},"modified":"2022-12-25T19:34:29","modified_gmt":"2022-12-25T19:34:29","slug":"mauritanie-aziz-bientot-devant-un-tribunal","status":"publish","type":"post","link":"https:\/\/ladepeche.mr\/?p=3397","title":{"rendered":"Mauritanie- Aziz bient\u00f4t devant un tribunal"},"content":{"rendered":"<p>L\u2019ancien pr\u00e9sident Mohamed Ould Abdelaziz pourrait compara\u00eetre devant un tribunal mardi 27 d\u00e9cembre 2022, apprend-On de sources concordantes.<br \/>\nL\u2019ancien pr\u00e9sident est poursuivi pour plusieurs chefs d\u2019accusation graves par le parquet dont \u00ab\u00a0la corruption, le blanchiment d&#8217;argent, l&#8217;enrichissement illicite, la dilapidation de biens publics, l&#8217;octroi d&#8217;avantages indus\u00a0\u00bb; en lien avec l\u2019exercice de sa fonction de pr\u00e9sident entre 2008 et 2019.<br \/>\nUne longue enqu\u00eate judiciaire a \u00e9t\u00e9 ouverte depuis que les d\u00e9put\u00e9s ont mis en place , en ao\u00fbt 2020, une commission pour faire la lumi\u00e8re sur la gestion de certains dossiers \u00e9conomiques pendant ses deux mandats.<br \/>\nL\u2019int\u00e9ress\u00e9, lui, a toujours plaid\u00e9 non coupable et accus\u00e9 le r\u00e9gime lui ayant succ\u00e9d\u00e9 de le \u00abharceler\u00a0\u00bb pour refus d\u2019abandonner de faire de la politique.<br \/>\nL\u2019ancien pr\u00e9sident avait \u00e9t\u00e9 emprisonn\u00e9 en juin 2021 avant d\u2019\u00eatre lib\u00e9r\u00e9 suite \u00e0 la fin en septembre dernier du d\u00e9lai de la garde \u00e0 vue qui lui \u00e9tait impos\u00e9e.<br \/>\nOuld Abdleaziz soutient toujours qu\u2019il n\u2019a jamais d\u00e9rob\u00e9 le moindre ouguiya des caisses de l\u2019Etat mettant au d\u00e9fi ses contradicteurs de prouver le contraire.<br \/>\nCepemdant, des enqu\u00eates de la police mettent en relief un patrimoine en possession de l\u2019ancien pr\u00e9sident et \u00e9voquent aussi l\u2019existence de soci\u00e9t\u00e9s, des immeubles et appartements, des parcs de v\u00e9hicules, des sommes d&#8217;argent de pr\u00e8s de 40 milliards d\u2019ouguiyas dans ses comptes et entre les mains d\u2019hommes de confiance. Une richesse que l\u2019int\u00e9ress\u00e9 dit n\u2019avoir aucun rapport avec son ex fonction.<br \/>\nLe collectif de ses avocats avait vivement critiqu\u00e9, la semaine \u00e9coul\u00e9e, le dernier arr\u00eat de la chambre p\u00e9nale de la Cour Supr\u00eame, rejetant le pourvoi en cassation de son client.<br \/>\nDepuis sa lib\u00e9ration, l\u2019ancien pr\u00e9sident ent m\u00e8ne un front ouvert contre le r\u00e9gime en place.<\/p>\n","protected":false},"excerpt":{"rendered":"<p>L\u2019ancien pr\u00e9sident Mohamed Ould Abdelaziz pourrait compara\u00eetre devant un tribunal mardi 27 d\u00e9cembre 2022, apprend-On de sources concordantes. L\u2019ancien pr\u00e9sident est poursuivi pour plusieurs chefs d\u2019accusation graves par le parquet dont \u00ab\u00a0la corruption, le blanchiment d&#8217;argent, l&#8217;enrichissement illicite, la dilapidation de biens publics, l&#8217;octroi d&#8217;avantages indus\u00a0\u00bb; en lien avec l\u2019exercice de sa fonction de pr\u00e9sident &hellip;<\/p>\n","protected":false},"author":2,"featured_media":3090,"comment_status":"open","ping_status":"open","sticky":false,"template":"","format":"standard","meta":{"footnotes":""},"categories":[18],"tags":[],"class_list":["post-3397","post","type-post","status-publish","format-standard","has-post-thumbnail","hentry","category-actualites"],"_links":{"self":[{"href":"https:\/\/ladepeche.mr\/index.php?rest_route=\/wp\/v2\/posts\/3397","targetHints":{"allow":["GET"]}}],"collection":[{"href":"https:\/\/ladepeche.mr\/index.php?rest_route=\/wp\/v2\/posts"}],"about":[{"href":"https:\/\/ladepeche.mr\/index.php?rest_route=\/wp\/v2\/types\/post"}],"author":[{"embeddable":true,"href":"https:\/\/ladepeche.mr\/index.php?rest_route=\/wp\/v2\/users\/2"}],"replies":[{"embeddable":true,"href":"https:\/\/ladepeche.mr\/index.php?rest_route=%2Fwp%2Fv2%2Fcomments&post=3397"}],"version-history":[{"count":6,"href":"https:\/\/ladepeche.mr\/index.php?rest_route=\/wp\/v2\/posts\/3397\/revisions"}],"predecessor-version":[{"id":3418,"href":"https:\/\/ladepeche.mr\/index.php?rest_route=\/wp\/v2\/posts\/3397\/revisions\/3418"}],"wp:featuredmedia":[{"embeddable":true,"href":"https:\/\/ladepeche.mr\/index.php?rest_route=\/wp\/v2\/media\/3090"}],"wp:attachment":[{"href":"https:\/\/ladepeche.mr\/index.php?rest_route=%2Fwp%2Fv2%2Fmedia&parent=3397"}],"wp:term":[{"taxonomy":"category","embeddable":true,"href":"https:\/\/ladepeche.mr\/index.php?rest_route=%2Fwp%2Fv2%2Fcategories&post=3397"},{"taxonomy":"post_tag","embeddable":true,"href":"https:\/\/ladepeche.mr\/index.php?rest_route=%2Fwp%2Fv2%2Ftags&post=3397"}],"curies":[{"name":"wp","href":"https:\/\/api.w.org\/{rel}","templated":true}]}}