{"id":3403,"date":"2022-12-24T14:42:20","date_gmt":"2022-12-24T14:42:20","guid":{"rendered":"https:\/\/ladepeche.mr\/?p=3403"},"modified":"2022-12-24T19:32:39","modified_gmt":"2022-12-24T19:32:39","slug":"droits-de-lhomme-biram-dah-abeid-appelle-a-lapplication-des-lois-dans-la-lutte-contre-lesclavage","status":"publish","type":"post","link":"https:\/\/ladepeche.mr\/?p=3403","title":{"rendered":"Droits de l\u2019Homme: Biram DAH Abeid appelle \u00e0 l\u2019application des lois dans la lutte contre l\u2019esclavage"},"content":{"rendered":"<p>\u00ab\u00a0La lutte contre l\u2019esclavage ne peut \u00eatre efficiente que par l\u2019application des lois comme l\u2019a soulign\u00e9 le d\u00e9l\u00e9gu\u00e9 de l\u2019UE\u00a0\u00bb  a affirm\u00e9 dans un enregistrement effectu\u00e9 le 23 d\u00e9cembre 2022, le d\u00e9put\u00e9 et pr\u00e9sident de Ira-Mauritanie, Biram DAH Abeid.<br \/>\nLa d\u00e9claration de SEM Gwilym Jones avait \u00e9t\u00e9 faite lors d\u2019une visite de terrain dans la moughataa de Riyad o\u00f9 le diplomate europ\u00e9en accompagnait la Commission nationale des droits de de l\u2019homme dans une activit\u00e9 de mobilisation et de vulgarisation des lois criminalisant les pratiques de l\u2019esclave sous toutes ses formes. Un discours qui semble tomber dans de bonnes oreilles.<br \/>\nDans le m\u00eame sillage, le pr\u00e9sident d\u2019Ira-Mauritanie, a encore cit\u00e9 la mise en place par les autorit\u00e9s de tribunaux sp\u00e9cialis\u00e9s mais Biram fait remarquer que tous les efforts consentis resteront vains tant que les lois ne seront pas appliqu\u00e9es par les tribunaux.<br \/>\nNotons que le pr\u00e9sident d\u2019Ira-Mauritanie et d\u00e9put\u00e9 \u00e0 l\u2019Assembl\u00e9e nationale a fait cette d\u00e9claration en commentant l\u2019actualit\u00e9 du Parlement europ\u00e9en.<\/p>\n","protected":false},"excerpt":{"rendered":"<p>\u00ab\u00a0La lutte contre l\u2019esclavage ne peut \u00eatre efficiente que par l\u2019application des lois comme l\u2019a soulign\u00e9 le d\u00e9l\u00e9gu\u00e9 de l\u2019UE\u00a0\u00bb a affirm\u00e9 dans un enregistrement effectu\u00e9 le 23 d\u00e9cembre 2022, le d\u00e9put\u00e9 et pr\u00e9sident de Ira-Mauritanie, Biram DAH Abeid. La d\u00e9claration de SEM Gwilym Jones avait \u00e9t\u00e9 faite lors d\u2019une visite de terrain dans la &hellip;<\/p>\n","protected":false},"author":2,"featured_media":3405,"comment_status":"open","ping_status":"open","sticky":false,"template":"","format":"standard","meta":{"footnotes":""},"categories":[18],"tags":[],"class_list":["post-3403","post","type-post","status-publish","format-standard","has-post-thumbnail","hentry","category-actualites"],"_links":{"self":[{"href":"https:\/\/ladepeche.mr\/index.php?rest_route=\/wp\/v2\/posts\/3403","targetHints":{"allow":["GET"]}}],"collection":[{"href":"https:\/\/ladepeche.mr\/index.php?rest_route=\/wp\/v2\/posts"}],"about":[{"href":"https:\/\/ladepeche.mr\/index.php?rest_route=\/wp\/v2\/types\/post"}],"author":[{"embeddable":true,"href":"https:\/\/ladepeche.mr\/index.php?rest_route=\/wp\/v2\/users\/2"}],"replies":[{"embeddable":true,"href":"https:\/\/ladepeche.mr\/index.php?rest_route=%2Fwp%2Fv2%2Fcomments&post=3403"}],"version-history":[{"count":4,"href":"https:\/\/ladepeche.mr\/index.php?rest_route=\/wp\/v2\/posts\/3403\/revisions"}],"predecessor-version":[{"id":3413,"href":"https:\/\/ladepeche.mr\/index.php?rest_route=\/wp\/v2\/posts\/3403\/revisions\/3413"}],"wp:featuredmedia":[{"embeddable":true,"href":"https:\/\/ladepeche.mr\/index.php?rest_route=\/wp\/v2\/media\/3405"}],"wp:attachment":[{"href":"https:\/\/ladepeche.mr\/index.php?rest_route=%2Fwp%2Fv2%2Fmedia&parent=3403"}],"wp:term":[{"taxonomy":"category","embeddable":true,"href":"https:\/\/ladepeche.mr\/index.php?rest_route=%2Fwp%2Fv2%2Fcategories&post=3403"},{"taxonomy":"post_tag","embeddable":true,"href":"https:\/\/ladepeche.mr\/index.php?rest_route=%2Fwp%2Fv2%2Ftags&post=3403"}],"curies":[{"name":"wp","href":"https:\/\/api.w.org\/{rel}","templated":true}]}}