{"id":3432,"date":"2022-12-26T21:40:42","date_gmt":"2022-12-26T21:40:42","guid":{"rendered":"https:\/\/ladepeche.mr\/?p=3432"},"modified":"2022-12-26T21:57:30","modified_gmt":"2022-12-26T21:57:30","slug":"cndh-et-iadh-signature-a-tunis-dun-accord-de-cooperation","status":"publish","type":"post","link":"https:\/\/ladepeche.mr\/?p=3432","title":{"rendered":"CNDH et IADH : Signature \u00e0 Tunis d\u2019un accord de coop\u00e9ration"},"content":{"rendered":"<p>M. Ahmed Salem Ould Bouhoubeyni, pr\u00e9sident de la Commission nationale des droits de l&#8217;homme en Mauritanie, et Monsieur Abdel Basset Ben Hassan, pr\u00e9sident de l&#8217;Institut arabe des droits de l&#8217;homme, ont sign\u00e9 lundi \u00e0 Tunis un accord de coop\u00e9ration dans le cadre du renforcement du partenariat entre l&#8217;Institut arabe des droits de l&#8217;Homme (IADH) et la Commission nationale des droits de l&#8217;homme en Mauritanie (CNDH).<br \/>\nCet accord porte sur un \u00e9change d&#8217;exp\u00e9riences, les bonnes pratiques dans le domaine de l&#8217;\u00e9ducation aux droits de l&#8217;homme, des connaissances, des capacit\u00e9s et des politiques dans ce domaine.<br \/>\nPar ailleurs, cette visite a permis \u00e0 M. Ahmed Salem Ould Bouhoubeyni de d\u00e9couvrir le si\u00e8ge de l&#8217;Institut Arabe des Droits de l&#8217;Homme \u00e0 Tunis et celui de la Radio associative \u00ab ESSAIDA FM \u00bb.<br \/>\nM. Ahmed Salem Ould Bouhoubeyni y \u00e9tait d\u2019ailleurs invit\u00e9 pour une interview \u00e0 chaud pour \u00e9voquer les questions des droits de l\u2019Homme sur les ondes de cette radio associative.<br \/>\nLa rencontre s&#8217;est d\u00e9roul\u00e9e en pr\u00e9sence de M. Tourad Ould Zeid, directeur de la programmation et de la planification \u00e0 la Commission nationale des droits de l&#8217;homme en Mauritanie, de Mme Hajar Habachi Chihbi, directrice ex\u00e9cutive de l&#8217;Institut arabe des droits de l&#8217;homme, M. Hafsi Bezioufi, conseiller \u00e0 l&#8217;Institut arabe des droits de l&#8217;homme, et Mme Najwa Al-Hamami, directrice des programmes \u00e0 la radio \u00ab ESSAIDA FM\u00bb.<\/p>\n","protected":false},"excerpt":{"rendered":"<p>M. Ahmed Salem Ould Bouhoubeyni, pr\u00e9sident de la Commission nationale des droits de l&#8217;homme en Mauritanie, et Monsieur Abdel Basset Ben Hassan, pr\u00e9sident de l&#8217;Institut arabe des droits de l&#8217;homme, ont sign\u00e9 lundi \u00e0 Tunis un accord de coop\u00e9ration dans le cadre du renforcement du partenariat entre l&#8217;Institut arabe des droits de l&#8217;Homme (IADH) et &hellip;<\/p>\n","protected":false},"author":2,"featured_media":3435,"comment_status":"open","ping_status":"open","sticky":false,"template":"","format":"standard","meta":{"footnotes":""},"categories":[18,29],"tags":[],"class_list":["post-3432","post","type-post","status-publish","format-standard","has-post-thumbnail","hentry","category-actualites","category-monde"],"_links":{"self":[{"href":"https:\/\/ladepeche.mr\/index.php?rest_route=\/wp\/v2\/posts\/3432","targetHints":{"allow":["GET"]}}],"collection":[{"href":"https:\/\/ladepeche.mr\/index.php?rest_route=\/wp\/v2\/posts"}],"about":[{"href":"https:\/\/ladepeche.mr\/index.php?rest_route=\/wp\/v2\/types\/post"}],"author":[{"embeddable":true,"href":"https:\/\/ladepeche.mr\/index.php?rest_route=\/wp\/v2\/users\/2"}],"replies":[{"embeddable":true,"href":"https:\/\/ladepeche.mr\/index.php?rest_route=%2Fwp%2Fv2%2Fcomments&post=3432"}],"version-history":[{"count":2,"href":"https:\/\/ladepeche.mr\/index.php?rest_route=\/wp\/v2\/posts\/3432\/revisions"}],"predecessor-version":[{"id":3436,"href":"https:\/\/ladepeche.mr\/index.php?rest_route=\/wp\/v2\/posts\/3432\/revisions\/3436"}],"wp:featuredmedia":[{"embeddable":true,"href":"https:\/\/ladepeche.mr\/index.php?rest_route=\/wp\/v2\/media\/3435"}],"wp:attachment":[{"href":"https:\/\/ladepeche.mr\/index.php?rest_route=%2Fwp%2Fv2%2Fmedia&parent=3432"}],"wp:term":[{"taxonomy":"category","embeddable":true,"href":"https:\/\/ladepeche.mr\/index.php?rest_route=%2Fwp%2Fv2%2Fcategories&post=3432"},{"taxonomy":"post_tag","embeddable":true,"href":"https:\/\/ladepeche.mr\/index.php?rest_route=%2Fwp%2Fv2%2Ftags&post=3432"}],"curies":[{"name":"wp","href":"https:\/\/api.w.org\/{rel}","templated":true}]}}