{"id":3453,"date":"2022-12-30T19:20:17","date_gmt":"2022-12-30T19:20:17","guid":{"rendered":"https:\/\/ladepeche.mr\/?p=3453"},"modified":"2022-12-30T21:39:48","modified_gmt":"2022-12-30T21:39:48","slug":"politique-nouvelles-restrictions-contre-lancien-president-aziz","status":"publish","type":"post","link":"https:\/\/ladepeche.mr\/?p=3453","title":{"rendered":"Politique : Nouvelles restrictions contre l\u2019ancien pr\u00e9sident Aziz"},"content":{"rendered":"<p>L\u2019ancien pr\u00e9sident Mohamed Ould Abdelaziz, poursuivi en justice, et qui semblait narguer le r\u00e9gime en place vient d\u2019\u00eatre interdit \u00ab de participer \u00e0 tout meeting \u00e0 Rosso \u00bb informe son groupe politique dans un communiqu\u00e9 rendu public en r\u00e9action \u00e0 cette d\u00e9cision officielle.<br \/>\nSelon, le groupe politique \u00ab Engag\u00e9s pour une Mauritanie Unie \u00bb (EMU), le gouverneur du Trarza aurait \u00ab convoqu\u00e9 la personnalit\u00e9 charg\u00e9e de l&#8217;accueil de l&#8217;ex-pr\u00e9sident \u00bb pour lui signifier l\u2019interdiction oppos\u00e9e \u00e0 l\u2019ancien pr\u00e9sident par les autorit\u00e9s politiques du pays.<br \/>\nAttendu le 31 d\u00e9cembre 2022 \u00e0 Rosso, l\u2019ancien pr\u00e9sident projetait y tenir un meeting politique mais selon le Wali de Rosso \u00ab il \u00e9tait interdit \u00e0 l&#8217;ex-pr\u00e9sident son excellence Mohamed Ould Abdel Aziz de participer \u00e0 tout meeting et d&#8217;y prendre la parole \u00bb. Une d\u00e9cision que le groupe politique EMU  a estim\u00e9 relever \u00ab de l&#8217;arbitraire et constitue une violation manifeste de la constitution mauritanienne et du droit international \u00bb.<br \/>\nL\u2019ancien pr\u00e9sident Mohamed Ould Abdelaziz a r\u00e9cemment organis\u00e9 un meeting dans la capitale \u00e9conomique que \u00ab les autorit\u00e9s locales n\u2019avaient pas pu enrayer \u00bb, disent ses supporters malgr\u00e9 le d\u00e9ploiement des forces de s\u00e9curit\u00e9.<br \/>\nL\u2019ex-pr\u00e9sident Aziz invoque un harc\u00e8lement personnalis\u00e9 contre lui pour l\u2019emp\u00eacher de faire de la politique. Il estime, par ailleurs, que le r\u00e9gime qu\u2019il accuse de le museler vise \u00e0 le faire taire en l\u2019accablant de fausses charges de dilapidations de deniers publics pendant qu&#8217;il \u00e9tait au pouvoir.<\/p>\n<p>&#8212;&#8212;&#8212;&#8212;&#8212;&#8212;&#8212;&#8212;&#8212;&#8212;&#8212;&#8212;&#8212;&#8212;&#8212;&#8212;&#8212;&#8212;&#8212;&#8212;&#8212;&#8211;<\/p>\n<p>Le communiqu\u00e9 sur l&#8217;interdiction \u00e0 l&#8217;ex-pr\u00e9sident de participer \u00e0 tout meeting \u00e0 Rosso<\/p>\n<p>EMU &#8211; Nous venons d&#8217;\u00eatre inform\u00e9s que le Wali de Rosso a convoqu\u00e9 la personnalit\u00e9 charg\u00e9e de l&#8217;accueil de l&#8217;ex-pr\u00e9sident son excellence Monsieur Mohamed Ould Abdel Aziz.<\/p>\n<p>En effet, son Excellence doit effectuer une visite dans la capitale r\u00e9gionale du Trarza pr\u00e9vue le samedi 31 d\u00e9cembre 2022. C&#8217;est dans cette perspective, que le Wali de Rosso a signifi\u00e9 qu&#8217;il \u00e9tait interdit \u00e0 l&#8217;ex-pr\u00e9sident son excellence Mohamed Ould Abdel Aziz de participer \u00e0 tout meeting et d&#8217;y prendre la parole.<\/p>\n<p>Une telle d\u00e9cision de nos autorit\u00e9s rel\u00e8ve de l&#8217;arbitraire et constitue une violation manifeste de la constitution mauritanienne et du droit international.<\/p>\n<p>Il appartient aux autorit\u00e9s de garantir \u00e0 tout citoyen le droit de r\u00e9union pacifique. Force et de reconna\u00eetre que le r\u00e9gime du pr\u00e9sident Mohamed Cheikh Ould Gazwani se caract\u00e9rise par des abus inacceptables, comme en t\u00e9moigne l&#8217;arrestation de plus de deux cents quarante personnes comprenant des hommes, des femmes, des vieillards ; ceci en vue de contrecarrer la r\u00e9cente visite \u00e0 Nouadhibou de son excellence Mohamed Ould Abdel Aziz.<\/p>\n<p>N&#8217;est-ce pas un abus de la part du pr\u00e9sident Gazwani de son parti INSAV, lorsqu&#8217;ils font distribuer des cadeaux ( dons de l&#8217;Arabie Saoudite) lors de ces visites \u00e0 l&#8217;int\u00e9rieur du pays dont le but est de pousser les populations \u00e0 sortir pour magnifier son accueil.<\/p>\n<p>Face \u00e0 la d\u00e9liquescence de notre \u00e9tat et \u00e0 la d\u00e9rive dictatoriale du r\u00e9gime du pr\u00e9sident Gazwani, nous appelons les populations de Rosso le 31.12.2022 et de Boghe le 01.01.2023 o\u00f9 son Excellence l&#8217;ex-pr\u00e9sident se rendra InschaaAllah, d&#8217;\u00eatre solidaires de la d\u00e9marche noble et salvatrice de l&#8217;ex-pr\u00e9sident Mohamed Ould Abdel Aziz qui veut engager, aujourd&#8217;hui, tous les citoyens du pays pour une Mauritanie unie.<\/p>\n<p>Nous appelons tous les citoyens mauritaniens \u00e0 une opposition pacifique face \u00e0 la d\u00e9rive dictatoriale que conna\u00eet notre pays &#8230;<\/p>\n<p>Coordination g\u00e9n\u00e9rale ENGAG\u00c9S POUR UNE MAURITANIE UNIE (EMU)<\/p>\n<p> le 29\/12\/ 2022<\/p>\n","protected":false},"excerpt":{"rendered":"<p>L\u2019ancien pr\u00e9sident Mohamed Ould Abdelaziz, poursuivi en justice, et qui semblait narguer le r\u00e9gime en place vient d\u2019\u00eatre interdit \u00ab de participer \u00e0 tout meeting \u00e0 Rosso \u00bb informe son groupe politique dans un communiqu\u00e9 rendu public en r\u00e9action \u00e0 cette d\u00e9cision officielle. Selon, le groupe politique \u00ab Engag\u00e9s pour une Mauritanie Unie \u00bb (EMU), &hellip;<\/p>\n","protected":false},"author":2,"featured_media":3454,"comment_status":"open","ping_status":"open","sticky":false,"template":"","format":"standard","meta":{"footnotes":""},"categories":[18],"tags":[],"class_list":["post-3453","post","type-post","status-publish","format-standard","has-post-thumbnail","hentry","category-actualites"],"_links":{"self":[{"href":"https:\/\/ladepeche.mr\/index.php?rest_route=\/wp\/v2\/posts\/3453","targetHints":{"allow":["GET"]}}],"collection":[{"href":"https:\/\/ladepeche.mr\/index.php?rest_route=\/wp\/v2\/posts"}],"about":[{"href":"https:\/\/ladepeche.mr\/index.php?rest_route=\/wp\/v2\/types\/post"}],"author":[{"embeddable":true,"href":"https:\/\/ladepeche.mr\/index.php?rest_route=\/wp\/v2\/users\/2"}],"replies":[{"embeddable":true,"href":"https:\/\/ladepeche.mr\/index.php?rest_route=%2Fwp%2Fv2%2Fcomments&post=3453"}],"version-history":[{"count":4,"href":"https:\/\/ladepeche.mr\/index.php?rest_route=\/wp\/v2\/posts\/3453\/revisions"}],"predecessor-version":[{"id":3480,"href":"https:\/\/ladepeche.mr\/index.php?rest_route=\/wp\/v2\/posts\/3453\/revisions\/3480"}],"wp:featuredmedia":[{"embeddable":true,"href":"https:\/\/ladepeche.mr\/index.php?rest_route=\/wp\/v2\/media\/3454"}],"wp:attachment":[{"href":"https:\/\/ladepeche.mr\/index.php?rest_route=%2Fwp%2Fv2%2Fmedia&parent=3453"}],"wp:term":[{"taxonomy":"category","embeddable":true,"href":"https:\/\/ladepeche.mr\/index.php?rest_route=%2Fwp%2Fv2%2Fcategories&post=3453"},{"taxonomy":"post_tag","embeddable":true,"href":"https:\/\/ladepeche.mr\/index.php?rest_route=%2Fwp%2Fv2%2Ftags&post=3453"}],"curies":[{"name":"wp","href":"https:\/\/api.w.org\/{rel}","templated":true}]}}