{"id":3460,"date":"2022-12-30T19:31:21","date_gmt":"2022-12-30T19:31:21","guid":{"rendered":"https:\/\/ladepeche.mr\/?p=3460"},"modified":"2022-12-30T19:31:21","modified_gmt":"2022-12-30T19:31:21","slug":"chan-2023-mauritanie-24-joueurs-convoques-pour-un-stage-de-preparation","status":"publish","type":"post","link":"https:\/\/ladepeche.mr\/?p=3460","title":{"rendered":"CHAN 2023 \u2013 Mauritanie : 24 joueurs convoqu\u00e9s pour un stage de pr\u00e9paration"},"content":{"rendered":"<p>La Mauritanie s\u2019att\u00e8le pour r\u00e9aliser un bon Championnat d\u2019Afrique des Nations. Ainsi, une bonne comp\u00e9tition passe par \u00e0 une bonne pr\u00e9paration.<\/p>\n<p>A cet effet, le s\u00e9lectionneur national des locaux Amir Abdou a rendu officiel une liste de 24 joueurs. Lesdits joueurs prendront part \u00e0 un stage d\u2019une semaine.  A quelques jours du d\u00e9marrage du Championnat d\u2019Afrique des Nations en Alg\u00e9rie, la s\u00e9lection nationale locale va aborder son dernier virage.<\/p>\n<p>Ce dernier consiste \u00e0 faire une semaine de pr\u00e9paration. Pour ses jours de pr\u00e9paration, 24 joueurs locaux ont b\u00e9n\u00e9fici\u00e9 de la confiance de l\u2019entra\u00eeneur Amir Abdou.<\/p>\n<p>Parmi ses 24 joueurs convoqu\u00e9s, on note la pr\u00e9sence de 3 gardiens de but, 8 d\u00e9fenseurs, 9 milieux de terrain et 4 attaquants. <\/p>\n<p>Pr\u00e9vue pour se d\u00e9rouler \u00e0 Nouakchott, ladite pr\u00e9paration aura lieu du 28 d\u00e9cembre 2022 au 3 Janvier 2023. L\u2019entr\u00e9e en lice des Maurabitounes est pour le Vendredi 20 janvier 2023 face \u00e0 l\u2019Angola.<\/p>\n<p>Jacques Evrard Africa Foot United via cridem<\/p>\n","protected":false},"excerpt":{"rendered":"<p>La Mauritanie s\u2019att\u00e8le pour r\u00e9aliser un bon Championnat d\u2019Afrique des Nations. Ainsi, une bonne comp\u00e9tition passe par \u00e0 une bonne pr\u00e9paration. A cet effet, le s\u00e9lectionneur national des locaux Amir Abdou a rendu officiel une liste de 24 joueurs. Lesdits joueurs prendront part \u00e0 un stage d\u2019une semaine. A quelques jours du d\u00e9marrage du Championnat &hellip;<\/p>\n","protected":false},"author":2,"featured_media":3461,"comment_status":"open","ping_status":"open","sticky":false,"template":"","format":"standard","meta":{"footnotes":""},"categories":[18,17],"tags":[],"class_list":["post-3460","post","type-post","status-publish","format-standard","has-post-thumbnail","hentry","category-actualites","category-sports"],"_links":{"self":[{"href":"https:\/\/ladepeche.mr\/index.php?rest_route=\/wp\/v2\/posts\/3460","targetHints":{"allow":["GET"]}}],"collection":[{"href":"https:\/\/ladepeche.mr\/index.php?rest_route=\/wp\/v2\/posts"}],"about":[{"href":"https:\/\/ladepeche.mr\/index.php?rest_route=\/wp\/v2\/types\/post"}],"author":[{"embeddable":true,"href":"https:\/\/ladepeche.mr\/index.php?rest_route=\/wp\/v2\/users\/2"}],"replies":[{"embeddable":true,"href":"https:\/\/ladepeche.mr\/index.php?rest_route=%2Fwp%2Fv2%2Fcomments&post=3460"}],"version-history":[{"count":1,"href":"https:\/\/ladepeche.mr\/index.php?rest_route=\/wp\/v2\/posts\/3460\/revisions"}],"predecessor-version":[{"id":3462,"href":"https:\/\/ladepeche.mr\/index.php?rest_route=\/wp\/v2\/posts\/3460\/revisions\/3462"}],"wp:featuredmedia":[{"embeddable":true,"href":"https:\/\/ladepeche.mr\/index.php?rest_route=\/wp\/v2\/media\/3461"}],"wp:attachment":[{"href":"https:\/\/ladepeche.mr\/index.php?rest_route=%2Fwp%2Fv2%2Fmedia&parent=3460"}],"wp:term":[{"taxonomy":"category","embeddable":true,"href":"https:\/\/ladepeche.mr\/index.php?rest_route=%2Fwp%2Fv2%2Fcategories&post=3460"},{"taxonomy":"post_tag","embeddable":true,"href":"https:\/\/ladepeche.mr\/index.php?rest_route=%2Fwp%2Fv2%2Ftags&post=3460"}],"curies":[{"name":"wp","href":"https:\/\/api.w.org\/{rel}","templated":true}]}}