{"id":3475,"date":"2022-12-30T21:34:32","date_gmt":"2022-12-30T21:34:32","guid":{"rendered":"https:\/\/ladepeche.mr\/?p=3475"},"modified":"2022-12-30T21:34:46","modified_gmt":"2022-12-30T21:34:46","slug":"mali-les-46-soldats-ivoiriens-condamnes-a-20-ans-de-prison","status":"publish","type":"post","link":"https:\/\/ladepeche.mr\/?p=3475","title":{"rendered":"Mali: les 46 soldats ivoiriens condamn\u00e9s \u00e0 20 ans de prison"},"content":{"rendered":"<p>Les 46 soldats ivoiriens, d\u00e9tenus \u00e0 Bamako et que le Mali accuse d&#8217;\u00eatre des mercenaires, alors qu&#8217;Abidjan affirme qu&#8217;ils \u00e9taient en mission pour les Nations unies (ONU), ont \u00e9t\u00e9 condamn\u00e9s ce vendredi 30 d\u00e9cembre \u00e0 20 ans de prison. Les trois soldates lib\u00e9r\u00e9es en septembre ont, elles, \u00e9cop\u00e9 de la peine de mort par contumace.<br \/>\nLa Cour d&#8217;assises de Bamako a rendu sa d\u00e9cision, vendredi 30 d\u00e9cembre, dans l&#8217;affaire des 46 soldats ivoiriens d\u00e9tenus au Mali depuis le 10 juillet. Le communiqu\u00e9, sign\u00e9 du procureur g\u00e9n\u00e9ral Ladji Sara, a \u00e9t\u00e9 publi\u00e9 dans la soir\u00e9e, rapporte notre correspondant r\u00e9gional, Serge Daniel.<\/p>\n<p>\u00c0 l&#8217;issue de deux jours d&#8217;audience, la justice malienne a condamn\u00e9 chacun \u00e0 une peine de 20 ans de r\u00e9clusion criminelle et deux millions d&#8217;amende pour \u00ab attentat et complot contre le gouvernement \u00bb, \u00ab atteinte \u00e0 la s\u00fbret\u00e9 ext\u00e9rieure de l&#8217;\u00c9tat \u00bb, \u00ab d\u00e9tention, port et transports d&#8217;armes et de munitions de guerre ou de d\u00e9fense (&#8230;) ayant pour but de troubler l&#8217;ordre public et par l&#8217;intimidation ou la terreur \u00bb. Les armes ont \u00e9t\u00e9 confisqu\u00e9es.<br \/>\nDans un second arr\u00eat, la cour a \u00e9galement condamn\u00e9, par contumace, les trois soldates ivoiriennes lib\u00e9r\u00e9es en septembre \u00e0 la peine de mort, ainsi qu&#8217;\u00e0 10 millions d&#8217;euros d&#8217;amende.<\/p>\n<p>La gr\u00e2ce pr\u00e9sidentielle encore possible<\/strong><br \/>\nCe verdict lourd ne contredit toutefois pas, selon les observateurs, l&#8217;accord sign\u00e9 le 22 d\u00e9cembre par Bamako et Abidjan, car la possibilit\u00e9 d&#8217;une gr\u00e2ce pr\u00e9sidentielle existe toujours. Assimi Go\u00efta, le chef de la junte malienne, doit s&#8217;exprimer samedi 31 d\u00e9cembre, \u00e0 l&#8217;occasion de ses v\u0153ux \u00e0 la Nation.<\/p>\n<p>Soutenue par plusieurs pays et institutions, la C\u00f4te d&#8217;Ivoire a toujours rejet\u00e9 les accusations visant ses militaires, en expliquant qu&#8217;ils \u00e9taient dans le pays, en soutien aux Casques bleus allemands de la Minusma, la Mission des Nations unies au Mali.<br \/>\nLire la suite sur https:\/\/www.rfi.fr\/fr\/afrique\/20221230-mali-les-46-soldats-ivoiriens-condamn%C3%A9s-%C3%A0-20-ans-de-prison<\/p>\n","protected":false},"excerpt":{"rendered":"<p>Les 46 soldats ivoiriens, d\u00e9tenus \u00e0 Bamako et que le Mali accuse d&#8217;\u00eatre des mercenaires, alors qu&#8217;Abidjan affirme qu&#8217;ils \u00e9taient en mission pour les Nations unies (ONU), ont \u00e9t\u00e9 condamn\u00e9s ce vendredi 30 d\u00e9cembre \u00e0 20 ans de prison. Les trois soldates lib\u00e9r\u00e9es en septembre ont, elles, \u00e9cop\u00e9 de la peine de mort par contumace. &hellip;<\/p>\n","protected":false},"author":2,"featured_media":3476,"comment_status":"open","ping_status":"open","sticky":false,"template":"","format":"standard","meta":{"footnotes":""},"categories":[18,29,28],"tags":[],"class_list":["post-3475","post","type-post","status-publish","format-standard","has-post-thumbnail","hentry","category-actualites","category-monde","category-sahel"],"_links":{"self":[{"href":"https:\/\/ladepeche.mr\/index.php?rest_route=\/wp\/v2\/posts\/3475","targetHints":{"allow":["GET"]}}],"collection":[{"href":"https:\/\/ladepeche.mr\/index.php?rest_route=\/wp\/v2\/posts"}],"about":[{"href":"https:\/\/ladepeche.mr\/index.php?rest_route=\/wp\/v2\/types\/post"}],"author":[{"embeddable":true,"href":"https:\/\/ladepeche.mr\/index.php?rest_route=\/wp\/v2\/users\/2"}],"replies":[{"embeddable":true,"href":"https:\/\/ladepeche.mr\/index.php?rest_route=%2Fwp%2Fv2%2Fcomments&post=3475"}],"version-history":[{"count":1,"href":"https:\/\/ladepeche.mr\/index.php?rest_route=\/wp\/v2\/posts\/3475\/revisions"}],"predecessor-version":[{"id":3477,"href":"https:\/\/ladepeche.mr\/index.php?rest_route=\/wp\/v2\/posts\/3475\/revisions\/3477"}],"wp:featuredmedia":[{"embeddable":true,"href":"https:\/\/ladepeche.mr\/index.php?rest_route=\/wp\/v2\/media\/3476"}],"wp:attachment":[{"href":"https:\/\/ladepeche.mr\/index.php?rest_route=%2Fwp%2Fv2%2Fmedia&parent=3475"}],"wp:term":[{"taxonomy":"category","embeddable":true,"href":"https:\/\/ladepeche.mr\/index.php?rest_route=%2Fwp%2Fv2%2Fcategories&post=3475"},{"taxonomy":"post_tag","embeddable":true,"href":"https:\/\/ladepeche.mr\/index.php?rest_route=%2Fwp%2Fv2%2Ftags&post=3475"}],"curies":[{"name":"wp","href":"https:\/\/api.w.org\/{rel}","templated":true}]}}