{"id":3482,"date":"2023-01-01T12:38:50","date_gmt":"2023-01-01T12:38:50","guid":{"rendered":"https:\/\/ladepeche.mr\/?p=3482"},"modified":"2023-01-01T12:38:50","modified_gmt":"2023-01-01T12:38:50","slug":"service-internet-rimatel-se-conforme-a-son-statut","status":"publish","type":"post","link":"https:\/\/ladepeche.mr\/?p=3482","title":{"rendered":"Service internet : RIMATEL se conforme \u00e0 son statut"},"content":{"rendered":"<p>La RIMATEL op\u00e9rateur b\u00e9n\u00e9ficiant d\u2019une autorisation de fourniture internet haut d\u00e9bit fixe, surpris en mai 2022 par l\u2019Are avec un code MCC-MCN qui donnait acc\u00e8s au service mobile, se serait conform\u00e9e \u00e0 son statut.<br \/>\nEn effet, une mission de l\u2019Are atteste apr\u00e8s un contr\u00f4le effectu\u00e9 en d\u00e9cembre 2022, que \u00abl\u2019op\u00e9rateur Rimatel propose uniquement des services d\u2019acc\u00e8s \u00e0 l\u2019internet fixe utilisant des CPEs (Customer Permise Equipment). A vouloir tout gagner, on risque de tout perdre ! RIMATEL est en tout cas averti.<\/p>\n","protected":false},"excerpt":{"rendered":"<p>La RIMATEL op\u00e9rateur b\u00e9n\u00e9ficiant d\u2019une autorisation de fourniture internet haut d\u00e9bit fixe, surpris en mai 2022 par l\u2019Are avec un code MCC-MCN qui donnait acc\u00e8s au service mobile, se serait conform\u00e9e \u00e0 son statut. En effet, une mission de l\u2019Are atteste apr\u00e8s un contr\u00f4le effectu\u00e9 en d\u00e9cembre 2022, que \u00abl\u2019op\u00e9rateur Rimatel propose uniquement des services &hellip;<\/p>\n","protected":false},"author":2,"featured_media":3483,"comment_status":"open","ping_status":"open","sticky":false,"template":"","format":"standard","meta":{"footnotes":""},"categories":[26],"tags":[],"class_list":["post-3482","post","type-post","status-publish","format-standard","has-post-thumbnail","hentry","category-en-panne"],"_links":{"self":[{"href":"https:\/\/ladepeche.mr\/index.php?rest_route=\/wp\/v2\/posts\/3482","targetHints":{"allow":["GET"]}}],"collection":[{"href":"https:\/\/ladepeche.mr\/index.php?rest_route=\/wp\/v2\/posts"}],"about":[{"href":"https:\/\/ladepeche.mr\/index.php?rest_route=\/wp\/v2\/types\/post"}],"author":[{"embeddable":true,"href":"https:\/\/ladepeche.mr\/index.php?rest_route=\/wp\/v2\/users\/2"}],"replies":[{"embeddable":true,"href":"https:\/\/ladepeche.mr\/index.php?rest_route=%2Fwp%2Fv2%2Fcomments&post=3482"}],"version-history":[{"count":1,"href":"https:\/\/ladepeche.mr\/index.php?rest_route=\/wp\/v2\/posts\/3482\/revisions"}],"predecessor-version":[{"id":3484,"href":"https:\/\/ladepeche.mr\/index.php?rest_route=\/wp\/v2\/posts\/3482\/revisions\/3484"}],"wp:featuredmedia":[{"embeddable":true,"href":"https:\/\/ladepeche.mr\/index.php?rest_route=\/wp\/v2\/media\/3483"}],"wp:attachment":[{"href":"https:\/\/ladepeche.mr\/index.php?rest_route=%2Fwp%2Fv2%2Fmedia&parent=3482"}],"wp:term":[{"taxonomy":"category","embeddable":true,"href":"https:\/\/ladepeche.mr\/index.php?rest_route=%2Fwp%2Fv2%2Fcategories&post=3482"},{"taxonomy":"post_tag","embeddable":true,"href":"https:\/\/ladepeche.mr\/index.php?rest_route=%2Fwp%2Fv2%2Ftags&post=3482"}],"curies":[{"name":"wp","href":"https:\/\/api.w.org\/{rel}","templated":true}]}}