{"id":3485,"date":"2023-01-01T13:05:13","date_gmt":"2023-01-01T13:05:13","guid":{"rendered":"https:\/\/ladepeche.mr\/?p=3485"},"modified":"2023-01-01T13:16:51","modified_gmt":"2023-01-01T13:16:51","slug":"politique-lancien-president-mauritanien-a-la-tete-dun-cortege-empeche-dentrer-a-rosso","status":"publish","type":"post","link":"https:\/\/ladepeche.mr\/?p=3485","title":{"rendered":"Politique : L\u2019ancien pr\u00e9sident mauritanien \u00e0 la t\u00eate d\u2019un cort\u00e8ge emp\u00each\u00e9 d\u2019entrer \u00e0 Rosso"},"content":{"rendered":"<p>Les forces de s\u00e9curit\u00e9 de la wilaya du Trarza ont emp\u00each\u00e9 samedi, l\u2019ancien pr\u00e9sident Mohamed Ould Abdel Aziz, d\u2019entrer \u00e0 Rosso, la capitale r\u00e9gionale.<br \/>\nL&#8217;ancien pr\u00e9sident a qualifi\u00e9 cette interdiction  de \u00abviolation flagrante de la constitution \u00bb et de traitement \u00ab discriminatoire \u00bb eu \u00e9gard aux autorisations donn\u00e9es au parti au pouvoir pour sillonner le pays entier.<br \/>\nLe pr\u00e9sident a r\u00e9agi sur sa page facebook, qu\u2019il vient de r\u00e9activer apr\u00e8s un long silence.<br \/>\nLa veille de la visite de l\u2019ex-pr\u00e9sident \u00e0 Rosso, les autorit\u00e9s r\u00e9gionales avaient inform\u00e9 le repr\u00e9sentant du parti du \u00ab Ribat \u00bb de Saad Ould Louleid que l\u2019ancien pr\u00e9sident \u00e9tait persona non grata au meeting que ce parti entendait organiser. Une restriction qualifi\u00e9e par le parti qui appartient au mouvement Engag\u00e9s pour un Mauritanie Unie (EMU) que rassemble Ould Abdel Aziz \u00ab de violation des libert\u00e9s constitutionnellement reconnues \u00bb dans le pays.<\/p>\n","protected":false},"excerpt":{"rendered":"<p>Les forces de s\u00e9curit\u00e9 de la wilaya du Trarza ont emp\u00each\u00e9 samedi, l\u2019ancien pr\u00e9sident Mohamed Ould Abdel Aziz, d\u2019entrer \u00e0 Rosso, la capitale r\u00e9gionale. L&#8217;ancien pr\u00e9sident a qualifi\u00e9 cette interdiction de \u00abviolation flagrante de la constitution \u00bb et de traitement \u00ab discriminatoire \u00bb eu \u00e9gard aux autorisations donn\u00e9es au parti au pouvoir pour sillonner le &hellip;<\/p>\n","protected":false},"author":2,"featured_media":3488,"comment_status":"open","ping_status":"open","sticky":false,"template":"","format":"standard","meta":{"footnotes":""},"categories":[18],"tags":[],"class_list":["post-3485","post","type-post","status-publish","format-standard","has-post-thumbnail","hentry","category-actualites"],"_links":{"self":[{"href":"https:\/\/ladepeche.mr\/index.php?rest_route=\/wp\/v2\/posts\/3485","targetHints":{"allow":["GET"]}}],"collection":[{"href":"https:\/\/ladepeche.mr\/index.php?rest_route=\/wp\/v2\/posts"}],"about":[{"href":"https:\/\/ladepeche.mr\/index.php?rest_route=\/wp\/v2\/types\/post"}],"author":[{"embeddable":true,"href":"https:\/\/ladepeche.mr\/index.php?rest_route=\/wp\/v2\/users\/2"}],"replies":[{"embeddable":true,"href":"https:\/\/ladepeche.mr\/index.php?rest_route=%2Fwp%2Fv2%2Fcomments&post=3485"}],"version-history":[{"count":2,"href":"https:\/\/ladepeche.mr\/index.php?rest_route=\/wp\/v2\/posts\/3485\/revisions"}],"predecessor-version":[{"id":3491,"href":"https:\/\/ladepeche.mr\/index.php?rest_route=\/wp\/v2\/posts\/3485\/revisions\/3491"}],"wp:featuredmedia":[{"embeddable":true,"href":"https:\/\/ladepeche.mr\/index.php?rest_route=\/wp\/v2\/media\/3488"}],"wp:attachment":[{"href":"https:\/\/ladepeche.mr\/index.php?rest_route=%2Fwp%2Fv2%2Fmedia&parent=3485"}],"wp:term":[{"taxonomy":"category","embeddable":true,"href":"https:\/\/ladepeche.mr\/index.php?rest_route=%2Fwp%2Fv2%2Fcategories&post=3485"},{"taxonomy":"post_tag","embeddable":true,"href":"https:\/\/ladepeche.mr\/index.php?rest_route=%2Fwp%2Fv2%2Ftags&post=3485"}],"curies":[{"name":"wp","href":"https:\/\/api.w.org\/{rel}","templated":true}]}}