{"id":3495,"date":"2023-01-01T18:07:45","date_gmt":"2023-01-01T18:07:45","guid":{"rendered":"https:\/\/ladepeche.mr\/?p=3495"},"modified":"2023-01-01T18:07:45","modified_gmt":"2023-01-01T18:07:45","slug":"politique-saad-ould-louleid-president-du-ribat-se-barricade-au-siege-de-son-parti","status":"publish","type":"post","link":"https:\/\/ladepeche.mr\/?p=3495","title":{"rendered":"Politique: Saad Ould Louleid pr\u00e9sident du Ribat se barricade au si\u00e8ge de son parti"},"content":{"rendered":"<p>Le pr\u00e9sident du parti du \u00abRibat\u00a0\u00bb proche de l\u2019ancien pr\u00e9sident Mohamed Ould Abdel Aziz est enferm\u00e9 au si\u00e8ge de son parti devant lequel des \u00e9l\u00e9ments de la s\u00e9curit\u00e9 son en faction.<br \/>\nSelon les supporters du pr\u00e9sident du \u00abRibat\u00a0\u00bb, Saad Ould Louleid s\u2019est enferm\u00e9 depuis hier au si\u00e8ge de son parti apr\u00e8s que les autorit\u00e9s aient d\u00e9cid\u00e9 -selon leur dire- de le mettre sous scell\u00e9s pour son soutien \u00e0 l\u2019activisme politique de l\u2019ancien pr\u00e9sident, MOHAMED Ould Abdel Aziz.<br \/>\nSelon les proches du pr\u00e9sident du \u00abRibat\u00a0\u00bb son \u00e9tat de sant\u00e9 serait fragile et tra\u00eenerait des maladies n\u00e9cessitant le suivi m\u00e9dical.<br \/>\nCe dernier qui a fait une visite remarqu\u00e9e dans la capitale \u00e9conomique a \u00e9t\u00e9 interdit samedi d\u2019assister \u00e0 une autre rencontre politique pr\u00e9vue \u00e0 Rosso.<br \/>\nL\u2019ancien pr\u00e9sident accuse l\u2019actuel gouvernement de lui mettre les b\u00e2tons dans les roues et de violer les libert\u00e9s politiques reconnues par la constitution du pays.<br \/>\nL\u2019ex-pr\u00e9sident Aziz, rappelle-t-on, qui a gouvern\u00e9 le pays dix ans durant est accus\u00e9 par le r\u00e9gime en place de d\u00e9tournements et abus de deniers publics accusations qu\u2019il n\u2019aurait pu prouver, selon Ould Abdel Aziz.<\/p>\n","protected":false},"excerpt":{"rendered":"<p>Le pr\u00e9sident du parti du \u00abRibat\u00a0\u00bb proche de l\u2019ancien pr\u00e9sident Mohamed Ould Abdel Aziz est enferm\u00e9 au si\u00e8ge de son parti devant lequel des \u00e9l\u00e9ments de la s\u00e9curit\u00e9 son en faction. Selon les supporters du pr\u00e9sident du \u00abRibat\u00a0\u00bb, Saad Ould Louleid s\u2019est enferm\u00e9 depuis hier au si\u00e8ge de son parti apr\u00e8s que les autorit\u00e9s aient &hellip;<\/p>\n","protected":false},"author":2,"featured_media":3502,"comment_status":"open","ping_status":"open","sticky":false,"template":"","format":"standard","meta":{"footnotes":""},"categories":[18,1],"tags":[],"class_list":["post-3495","post","type-post","status-publish","format-standard","has-post-thumbnail","hentry","category-actualites","category-uncategorized"],"_links":{"self":[{"href":"https:\/\/ladepeche.mr\/index.php?rest_route=\/wp\/v2\/posts\/3495","targetHints":{"allow":["GET"]}}],"collection":[{"href":"https:\/\/ladepeche.mr\/index.php?rest_route=\/wp\/v2\/posts"}],"about":[{"href":"https:\/\/ladepeche.mr\/index.php?rest_route=\/wp\/v2\/types\/post"}],"author":[{"embeddable":true,"href":"https:\/\/ladepeche.mr\/index.php?rest_route=\/wp\/v2\/users\/2"}],"replies":[{"embeddable":true,"href":"https:\/\/ladepeche.mr\/index.php?rest_route=%2Fwp%2Fv2%2Fcomments&post=3495"}],"version-history":[{"count":3,"href":"https:\/\/ladepeche.mr\/index.php?rest_route=\/wp\/v2\/posts\/3495\/revisions"}],"predecessor-version":[{"id":3503,"href":"https:\/\/ladepeche.mr\/index.php?rest_route=\/wp\/v2\/posts\/3495\/revisions\/3503"}],"wp:featuredmedia":[{"embeddable":true,"href":"https:\/\/ladepeche.mr\/index.php?rest_route=\/wp\/v2\/media\/3502"}],"wp:attachment":[{"href":"https:\/\/ladepeche.mr\/index.php?rest_route=%2Fwp%2Fv2%2Fmedia&parent=3495"}],"wp:term":[{"taxonomy":"category","embeddable":true,"href":"https:\/\/ladepeche.mr\/index.php?rest_route=%2Fwp%2Fv2%2Fcategories&post=3495"},{"taxonomy":"post_tag","embeddable":true,"href":"https:\/\/ladepeche.mr\/index.php?rest_route=%2Fwp%2Fv2%2Ftags&post=3495"}],"curies":[{"name":"wp","href":"https:\/\/api.w.org\/{rel}","templated":true}]}}