{"id":3543,"date":"2023-01-03T13:01:30","date_gmt":"2023-01-03T13:01:30","guid":{"rendered":"https:\/\/ladepeche.mr\/?p=3543"},"modified":"2023-01-03T13:01:56","modified_gmt":"2023-01-03T13:01:56","slug":"sante-le-gouvernement-decide-de-reactiver-les-controles-sanitairs-anti-covid-a-la-frontiere","status":"publish","type":"post","link":"https:\/\/ladepeche.mr\/?p=3543","title":{"rendered":"Sant\u00e9- Le gouvernement d\u00e9cide de r\u00e9activer les contr\u00f4les sanitaires anti-Covid \u00e0 la fronti\u00e8re"},"content":{"rendered":"<p>Le gouvernement mauritanien a d\u00e9cid\u00e9 de reprendre les mesures de contr\u00f4les sanitaires pour pr\u00e9venir la r\u00e9apparition de la pand\u00e9mie de la Covud-19 ou ses variants, constate-t-on dans une circulaire rendue publique par le minist\u00e8re de la sant\u00e9.<br \/>\nLes autorit\u00e9s en charge du contr\u00f4le des postes fronti\u00e8res terrestres, a\u00e9riens, maritimes ou fluviaux ont \u00e9t\u00e9 inform\u00e9es des mesures prises par le gouvernement \u00e0 la suite de l\u2019apparition de nouveaux cas de cette pand\u00e9mie en Chine.<br \/>\nPlusieurs pays ont d\u00e9j\u00e0 soumis les fronti\u00e8res d\u2019entr\u00e9e \u00e0 un contr\u00f4le de rigueur pour \u00e9viter toute contamination venant de l\u2019ext\u00e9rieur.<br \/>\nEn Mauritanie, rappelle-t-on, la p\u00e9riode est une saison touristique dans le nord du pays o\u00f9 affluent des voyageurs du monde entier.<\/p>\n","protected":false},"excerpt":{"rendered":"<p>Le gouvernement mauritanien a d\u00e9cid\u00e9 de reprendre les mesures de contr\u00f4les sanitaires pour pr\u00e9venir la r\u00e9apparition de la pand\u00e9mie de la Covud-19 ou ses variants, constate-t-on dans une circulaire rendue publique par le minist\u00e8re de la sant\u00e9. Les autorit\u00e9s en charge du contr\u00f4le des postes fronti\u00e8res terrestres, a\u00e9riens, maritimes ou fluviaux ont \u00e9t\u00e9 inform\u00e9es des &hellip;<\/p>\n","protected":false},"author":2,"featured_media":3544,"comment_status":"open","ping_status":"open","sticky":false,"template":"","format":"standard","meta":{"footnotes":""},"categories":[18,27],"tags":[],"class_list":["post-3543","post","type-post","status-publish","format-standard","has-post-thumbnail","hentry","category-actualites","category-sante"],"_links":{"self":[{"href":"https:\/\/ladepeche.mr\/index.php?rest_route=\/wp\/v2\/posts\/3543","targetHints":{"allow":["GET"]}}],"collection":[{"href":"https:\/\/ladepeche.mr\/index.php?rest_route=\/wp\/v2\/posts"}],"about":[{"href":"https:\/\/ladepeche.mr\/index.php?rest_route=\/wp\/v2\/types\/post"}],"author":[{"embeddable":true,"href":"https:\/\/ladepeche.mr\/index.php?rest_route=\/wp\/v2\/users\/2"}],"replies":[{"embeddable":true,"href":"https:\/\/ladepeche.mr\/index.php?rest_route=%2Fwp%2Fv2%2Fcomments&post=3543"}],"version-history":[{"count":2,"href":"https:\/\/ladepeche.mr\/index.php?rest_route=\/wp\/v2\/posts\/3543\/revisions"}],"predecessor-version":[{"id":3546,"href":"https:\/\/ladepeche.mr\/index.php?rest_route=\/wp\/v2\/posts\/3543\/revisions\/3546"}],"wp:featuredmedia":[{"embeddable":true,"href":"https:\/\/ladepeche.mr\/index.php?rest_route=\/wp\/v2\/media\/3544"}],"wp:attachment":[{"href":"https:\/\/ladepeche.mr\/index.php?rest_route=%2Fwp%2Fv2%2Fmedia&parent=3543"}],"wp:term":[{"taxonomy":"category","embeddable":true,"href":"https:\/\/ladepeche.mr\/index.php?rest_route=%2Fwp%2Fv2%2Fcategories&post=3543"},{"taxonomy":"post_tag","embeddable":true,"href":"https:\/\/ladepeche.mr\/index.php?rest_route=%2Fwp%2Fv2%2Ftags&post=3543"}],"curies":[{"name":"wp","href":"https:\/\/api.w.org\/{rel}","templated":true}]}}