{"id":3555,"date":"2023-01-03T17:55:33","date_gmt":"2023-01-03T17:55:33","guid":{"rendered":"https:\/\/ladepeche.mr\/?p=3555"},"modified":"2023-01-03T17:56:50","modified_gmt":"2023-01-03T17:56:50","slug":"accident-dune-pirogue-en-haute-mer-deux-rescapes-et-5-portes-disparus","status":"publish","type":"post","link":"https:\/\/ladepeche.mr\/?p=3555","title":{"rendered":"Accident d\u2019une pirogue en haute mer: Deux marins artisans rescap\u00e9s et 5 port\u00e9s disparus"},"content":{"rendered":"<p>Deux p\u00eacheurs artisans ont \u00e9t\u00e9 sauv\u00e9s gr\u00e2ce en partie aux moyens de secours d\u00e9ploy\u00e9s par les autorit\u00e9s concern\u00e9es \u00e0 Nouadhibou, rapporte dans un premier communiqu\u00e9 la f\u00e9d\u00e9ration des p\u00eacheurs artisans dans notre capitale \u00e9conomique.<br \/>\nL\u2019accident se serait produit \u00e0 18h le 2 janvier lorsque la pirogue en plastique a heurt\u00e9, par une mer agit\u00e9e. un rocher en haute mer.<br \/>\nDans un communiqu\u00e9 de remerciement des autorit\u00e9s r\u00e9gionales concern\u00e9es, dont copie a \u00e9t\u00e9 transmise \u00e0 \u00abLa D\u00e9p\u00eache\u00a0\u00bb, la FNP pr\u00e9cise que sur les 7 marins embarqu\u00e9s, cinq sont rest\u00e9s introuvables.<\/p>\n","protected":false},"excerpt":{"rendered":"<p>Deux p\u00eacheurs artisans ont \u00e9t\u00e9 sauv\u00e9s gr\u00e2ce en partie aux moyens de secours d\u00e9ploy\u00e9s par les autorit\u00e9s concern\u00e9es \u00e0 Nouadhibou, rapporte dans un premier communiqu\u00e9 la f\u00e9d\u00e9ration des p\u00eacheurs artisans dans notre capitale \u00e9conomique. L\u2019accident se serait produit \u00e0 18h le 2 janvier lorsque la pirogue en plastique a heurt\u00e9, par une mer agit\u00e9e. un &hellip;<\/p>\n","protected":false},"author":2,"featured_media":3556,"comment_status":"open","ping_status":"open","sticky":false,"template":"","format":"standard","meta":{"footnotes":""},"categories":[18],"tags":[],"class_list":["post-3555","post","type-post","status-publish","format-standard","has-post-thumbnail","hentry","category-actualites"],"_links":{"self":[{"href":"https:\/\/ladepeche.mr\/index.php?rest_route=\/wp\/v2\/posts\/3555","targetHints":{"allow":["GET"]}}],"collection":[{"href":"https:\/\/ladepeche.mr\/index.php?rest_route=\/wp\/v2\/posts"}],"about":[{"href":"https:\/\/ladepeche.mr\/index.php?rest_route=\/wp\/v2\/types\/post"}],"author":[{"embeddable":true,"href":"https:\/\/ladepeche.mr\/index.php?rest_route=\/wp\/v2\/users\/2"}],"replies":[{"embeddable":true,"href":"https:\/\/ladepeche.mr\/index.php?rest_route=%2Fwp%2Fv2%2Fcomments&post=3555"}],"version-history":[{"count":2,"href":"https:\/\/ladepeche.mr\/index.php?rest_route=\/wp\/v2\/posts\/3555\/revisions"}],"predecessor-version":[{"id":3558,"href":"https:\/\/ladepeche.mr\/index.php?rest_route=\/wp\/v2\/posts\/3555\/revisions\/3558"}],"wp:featuredmedia":[{"embeddable":true,"href":"https:\/\/ladepeche.mr\/index.php?rest_route=\/wp\/v2\/media\/3556"}],"wp:attachment":[{"href":"https:\/\/ladepeche.mr\/index.php?rest_route=%2Fwp%2Fv2%2Fmedia&parent=3555"}],"wp:term":[{"taxonomy":"category","embeddable":true,"href":"https:\/\/ladepeche.mr\/index.php?rest_route=%2Fwp%2Fv2%2Fcategories&post=3555"},{"taxonomy":"post_tag","embeddable":true,"href":"https:\/\/ladepeche.mr\/index.php?rest_route=%2Fwp%2Fv2%2Ftags&post=3555"}],"curies":[{"name":"wp","href":"https:\/\/api.w.org\/{rel}","templated":true}]}}