{"id":3569,"date":"2023-01-04T12:57:12","date_gmt":"2023-01-04T12:57:12","guid":{"rendered":"https:\/\/ladepeche.mr\/?p=3569"},"modified":"2023-01-04T12:57:12","modified_gmt":"2023-01-04T12:57:12","slug":"conseil-superieur-de-la-magistrature-le-juge-abdellah-ahmed-yenja-limoge","status":"publish","type":"post","link":"https:\/\/ladepeche.mr\/?p=3569","title":{"rendered":"Conseil sup\u00e9rieur de la magistrature: le juge Abdellah AHMED Yenja limog\u00e9"},"content":{"rendered":"<p>Le juge Abdellah AHMED Yenja, d\u00e9sormais ex-pr\u00e9sident de la chambre criminelle, pr\u00e8s la cour d\u2019appel du tribunal de Nouakchott, a \u00e9t\u00e9 r\u00e9voqu\u00e9 lors de la tenue de la r\u00e9union du conseil sup\u00e9rieur de la magistrature, pr\u00e9sid\u00e9 par le Chef de l\u2019Etat, MOhamed Ould Ghazouani.<br \/>\nAucune information officielle n\u2019explique ce limogeage qui transpara\u00eet comme une sanction contre l\u2019int\u00e9ress\u00e9. <\/p>\n","protected":false},"excerpt":{"rendered":"<p>Le juge Abdellah AHMED Yenja, d\u00e9sormais ex-pr\u00e9sident de la chambre criminelle, pr\u00e8s la cour d\u2019appel du tribunal de Nouakchott, a \u00e9t\u00e9 r\u00e9voqu\u00e9 lors de la tenue de la r\u00e9union du conseil sup\u00e9rieur de la magistrature, pr\u00e9sid\u00e9 par le Chef de l\u2019Etat, MOhamed Ould Ghazouani. Aucune information officielle n\u2019explique ce limogeage qui transpara\u00eet comme une sanction &hellip;<\/p>\n","protected":false},"author":2,"featured_media":3570,"comment_status":"open","ping_status":"open","sticky":false,"template":"","format":"standard","meta":{"footnotes":""},"categories":[26],"tags":[],"class_list":["post-3569","post","type-post","status-publish","format-standard","has-post-thumbnail","hentry","category-en-panne"],"_links":{"self":[{"href":"https:\/\/ladepeche.mr\/index.php?rest_route=\/wp\/v2\/posts\/3569","targetHints":{"allow":["GET"]}}],"collection":[{"href":"https:\/\/ladepeche.mr\/index.php?rest_route=\/wp\/v2\/posts"}],"about":[{"href":"https:\/\/ladepeche.mr\/index.php?rest_route=\/wp\/v2\/types\/post"}],"author":[{"embeddable":true,"href":"https:\/\/ladepeche.mr\/index.php?rest_route=\/wp\/v2\/users\/2"}],"replies":[{"embeddable":true,"href":"https:\/\/ladepeche.mr\/index.php?rest_route=%2Fwp%2Fv2%2Fcomments&post=3569"}],"version-history":[{"count":1,"href":"https:\/\/ladepeche.mr\/index.php?rest_route=\/wp\/v2\/posts\/3569\/revisions"}],"predecessor-version":[{"id":3571,"href":"https:\/\/ladepeche.mr\/index.php?rest_route=\/wp\/v2\/posts\/3569\/revisions\/3571"}],"wp:featuredmedia":[{"embeddable":true,"href":"https:\/\/ladepeche.mr\/index.php?rest_route=\/wp\/v2\/media\/3570"}],"wp:attachment":[{"href":"https:\/\/ladepeche.mr\/index.php?rest_route=%2Fwp%2Fv2%2Fmedia&parent=3569"}],"wp:term":[{"taxonomy":"category","embeddable":true,"href":"https:\/\/ladepeche.mr\/index.php?rest_route=%2Fwp%2Fv2%2Fcategories&post=3569"},{"taxonomy":"post_tag","embeddable":true,"href":"https:\/\/ladepeche.mr\/index.php?rest_route=%2Fwp%2Fv2%2Ftags&post=3569"}],"curies":[{"name":"wp","href":"https:\/\/api.w.org\/{rel}","templated":true}]}}