{"id":3578,"date":"2023-01-04T22:25:31","date_gmt":"2023-01-04T22:25:31","guid":{"rendered":"https:\/\/ladepeche.mr\/?p=3578"},"modified":"2023-01-04T22:41:41","modified_gmt":"2023-01-04T22:41:41","slug":"urgent-lancien-president-empeche-de-voyager","status":"publish","type":"post","link":"https:\/\/ladepeche.mr\/?p=3578","title":{"rendered":"Urgent- L\u2019ancien pr\u00e9sident emp\u00each\u00e9 de voyager"},"content":{"rendered":"<p>L\u2019ancien pr\u00e9sident Mohamed Ould Abdel Aziz, a \u00e9t\u00e9 emp\u00each\u00e9 mercredi soir par la police de voyager.<br \/>\nDans un enregistrement diffus\u00e9, \u00e0 sa sortie de l\u2019a\u00e9roport Oum Tounsi de Nouakchott, l\u2019ancien pr\u00e9sident a accus\u00e9 le r\u00e9gime d\u2019atteinte \u00e0 ses droits alors qu\u2019il ne serait pas sous contr\u00f4le judiciaire.<br \/>\n\u00abJ\u2019ai \u00e9t\u00e9 emp\u00each\u00e9 par la police politique de prendre l\u2019avion alors que je ne suis pas sous contr\u00f4le judiciaire et m\u00eame qu\u2019une personne fich\u00e9e sur la liste des pr\u00e9venus dans cette affaire a, elle, pu le faire hier\u00a0\u00bb. L\u2019ex-pr\u00e9sident soutient \u00e9galement que le r\u00e9gime au pouvoir le cible pour le faire taire.<br \/>\nDepuis l\u2019ordonnance de renvoi d\u00e9finitif prononc\u00e9e par la Cour Supr\u00eame, une bataille mediatico-juridique entre le parquet et les avocats de la d\u00e9fense de l\u2019ancien pr\u00e9sident \u00e9maille les \u00e9changes entre les deux parties quant aux conditions d&#8217;organisation d\u2019un proc\u00e8s \u00e9quitable.<br \/>\nUn proc\u00e8s qui aurait \u00e9t\u00e9 arr\u00eat\u00e9 pour le 25 janvier 2023.<\/p>\n","protected":false},"excerpt":{"rendered":"<p>L\u2019ancien pr\u00e9sident Mohamed Ould Abdel Aziz, a \u00e9t\u00e9 emp\u00each\u00e9 mercredi soir par la police de voyager. Dans un enregistrement diffus\u00e9, \u00e0 sa sortie de l\u2019a\u00e9roport Oum Tounsi de Nouakchott, l\u2019ancien pr\u00e9sident a accus\u00e9 le r\u00e9gime d\u2019atteinte \u00e0 ses droits alors qu\u2019il ne serait pas sous contr\u00f4le judiciaire. \u00abJ\u2019ai \u00e9t\u00e9 emp\u00each\u00e9 par la police politique de &hellip;<\/p>\n","protected":false},"author":2,"featured_media":3580,"comment_status":"open","ping_status":"open","sticky":false,"template":"","format":"standard","meta":{"footnotes":""},"categories":[18,1],"tags":[],"class_list":["post-3578","post","type-post","status-publish","format-standard","has-post-thumbnail","hentry","category-actualites","category-uncategorized"],"_links":{"self":[{"href":"https:\/\/ladepeche.mr\/index.php?rest_route=\/wp\/v2\/posts\/3578","targetHints":{"allow":["GET"]}}],"collection":[{"href":"https:\/\/ladepeche.mr\/index.php?rest_route=\/wp\/v2\/posts"}],"about":[{"href":"https:\/\/ladepeche.mr\/index.php?rest_route=\/wp\/v2\/types\/post"}],"author":[{"embeddable":true,"href":"https:\/\/ladepeche.mr\/index.php?rest_route=\/wp\/v2\/users\/2"}],"replies":[{"embeddable":true,"href":"https:\/\/ladepeche.mr\/index.php?rest_route=%2Fwp%2Fv2%2Fcomments&post=3578"}],"version-history":[{"count":5,"href":"https:\/\/ladepeche.mr\/index.php?rest_route=\/wp\/v2\/posts\/3578\/revisions"}],"predecessor-version":[{"id":3584,"href":"https:\/\/ladepeche.mr\/index.php?rest_route=\/wp\/v2\/posts\/3578\/revisions\/3584"}],"wp:featuredmedia":[{"embeddable":true,"href":"https:\/\/ladepeche.mr\/index.php?rest_route=\/wp\/v2\/media\/3580"}],"wp:attachment":[{"href":"https:\/\/ladepeche.mr\/index.php?rest_route=%2Fwp%2Fv2%2Fmedia&parent=3578"}],"wp:term":[{"taxonomy":"category","embeddable":true,"href":"https:\/\/ladepeche.mr\/index.php?rest_route=%2Fwp%2Fv2%2Fcategories&post=3578"},{"taxonomy":"post_tag","embeddable":true,"href":"https:\/\/ladepeche.mr\/index.php?rest_route=%2Fwp%2Fv2%2Ftags&post=3578"}],"curies":[{"name":"wp","href":"https:\/\/api.w.org\/{rel}","templated":true}]}}