{"id":3585,"date":"2023-01-05T14:46:31","date_gmt":"2023-01-05T14:46:31","guid":{"rendered":"https:\/\/ladepeche.mr\/?p=3585"},"modified":"2023-01-05T14:48:56","modified_gmt":"2023-01-05T14:48:56","slug":"affaire-aziz-versions-contradictoires-entre-la-police-et-la-defense","status":"publish","type":"post","link":"https:\/\/ladepeche.mr\/?p=3585","title":{"rendered":"Affaire Aziz: Versions contradictoires entre la Police et la d\u00e9fense"},"content":{"rendered":"<p>La police mauritanienne a d\u00e9clar\u00e9, dans un communiqu\u00e9 qui a fait suite \u00e0 la diffusion par l&#8217;ancien pr\u00e9sident Mohamed Ould Abdel Aziz, d&#8217;une vid\u00e9o sur les circonstances de son emp\u00eachement de prendre l&#8217;avion, qu&#8217;elle a agi sur instruction de la Justice mauritanienne.<br \/>\nLe communiqu\u00e9 est sign\u00e9 par la direction charg\u00e9e de la lutte contre les crimes \u00e9conomiques et financiers qui argue de sa r\u00e9ception, mercredi soir, de convocations adress\u00e9es par la Justice \u00e0 tous les accus\u00e9s dans le dossier  dit de la d\u00e9cennie (N* 001\/2021) dont l&#8217;ancien pr\u00e9sident Aziz fait partie.<br \/>\nUne convocation de la Justice que nie la d\u00e9fense de l&#8217;ex-pr\u00e9sident pr\u00e9tendant que son client n&#8217;a, \u00e0 ce jour, re\u00e7u aucune convocation de la Justice comme le soutien la police. Dans sa r\u00e9action, la d\u00e9fense estime \u00e9galement que la d\u00e9cision d&#8217;emp\u00eachement de l&#8217;ancien pr\u00e9sident, Mohamed Ould Abdel Aziz, est &#8220;ill\u00e9gale&#8221;.<br \/>\nLa police, rappelle-t-on, avait emp\u00each\u00e9 l&#8217;ancien pr\u00e9sident de prendre mercredi l&#8217;avion en direction de Paris et s\u00e9questr\u00e9 son passeport. <\/p>\n","protected":false},"excerpt":{"rendered":"<p>La police mauritanienne a d\u00e9clar\u00e9, dans un communiqu\u00e9 qui a fait suite \u00e0 la diffusion par l&#8217;ancien pr\u00e9sident Mohamed Ould Abdel Aziz, d&#8217;une vid\u00e9o sur les circonstances de son emp\u00eachement de prendre l&#8217;avion, qu&#8217;elle a agi sur instruction de la Justice mauritanienne. Le communiqu\u00e9 est sign\u00e9 par la direction charg\u00e9e de la lutte contre les &hellip;<\/p>\n","protected":false},"author":2,"featured_media":3589,"comment_status":"open","ping_status":"open","sticky":false,"template":"","format":"standard","meta":{"footnotes":""},"categories":[18],"tags":[],"class_list":["post-3585","post","type-post","status-publish","format-standard","has-post-thumbnail","hentry","category-actualites"],"_links":{"self":[{"href":"https:\/\/ladepeche.mr\/index.php?rest_route=\/wp\/v2\/posts\/3585","targetHints":{"allow":["GET"]}}],"collection":[{"href":"https:\/\/ladepeche.mr\/index.php?rest_route=\/wp\/v2\/posts"}],"about":[{"href":"https:\/\/ladepeche.mr\/index.php?rest_route=\/wp\/v2\/types\/post"}],"author":[{"embeddable":true,"href":"https:\/\/ladepeche.mr\/index.php?rest_route=\/wp\/v2\/users\/2"}],"replies":[{"embeddable":true,"href":"https:\/\/ladepeche.mr\/index.php?rest_route=%2Fwp%2Fv2%2Fcomments&post=3585"}],"version-history":[{"count":1,"href":"https:\/\/ladepeche.mr\/index.php?rest_route=\/wp\/v2\/posts\/3585\/revisions"}],"predecessor-version":[{"id":3586,"href":"https:\/\/ladepeche.mr\/index.php?rest_route=\/wp\/v2\/posts\/3585\/revisions\/3586"}],"wp:featuredmedia":[{"embeddable":true,"href":"https:\/\/ladepeche.mr\/index.php?rest_route=\/wp\/v2\/media\/3589"}],"wp:attachment":[{"href":"https:\/\/ladepeche.mr\/index.php?rest_route=%2Fwp%2Fv2%2Fmedia&parent=3585"}],"wp:term":[{"taxonomy":"category","embeddable":true,"href":"https:\/\/ladepeche.mr\/index.php?rest_route=%2Fwp%2Fv2%2Fcategories&post=3585"},{"taxonomy":"post_tag","embeddable":true,"href":"https:\/\/ladepeche.mr\/index.php?rest_route=%2Fwp%2Fv2%2Ftags&post=3585"}],"curies":[{"name":"wp","href":"https:\/\/api.w.org\/{rel}","templated":true}]}}